{"id":2834,"date":"2021-02-07T11:24:39","date_gmt":"2021-02-07T10:24:39","guid":{"rendered":"https:\/\/mackid.legtux.org\/?p=2834"},"modified":"2021-02-07T11:24:39","modified_gmt":"2021-02-07T10:24:39","slug":"creez-des-fonds-decran-a-partir-de-vos-photos","status":"publish","type":"post","link":"https:\/\/mackid.legtux.org\/?p=2834","title":{"rendered":"Cr\u00e9ez des fonds d\u2019\u00e9cran \u00e0 partir de vos photos\u2026"},"content":{"rendered":"\n<figure class=\"wp-block-image size-large is-resized\"><img decoding=\"async\" src=\"https:\/\/mackid.legtux.org\/wp-content\/uploads\/2021\/02\/Blear_1-1024x445.jpg\" alt=\"\" class=\"wp-image-2835\" width=\"650\" srcset=\"https:\/\/mackid.legtux.org\/wp-content\/uploads\/2021\/02\/Blear_1-1024x445.jpg 1024w, https:\/\/mackid.legtux.org\/wp-content\/uploads\/2021\/02\/Blear_1-300x131.jpg 300w, https:\/\/mackid.legtux.org\/wp-content\/uploads\/2021\/02\/Blear_1-768x334.jpg 768w, https:\/\/mackid.legtux.org\/wp-content\/uploads\/2021\/02\/Blear_1.jpg 1200w\" sizes=\"(max-width: 1024px) 100vw, 1024px\" \/><figcaption>De l\u2019effet mini \u00e0 l\u2019l\u2019effet maxi<\/figcaption><\/figure>\n\n\n\n<p>C\u2019est ce que propose <a href=\"https:\/\/sindresorhus.com\/blear\" target=\"_blank\" rel=\"noreferrer noopener\">Blear<\/a>, \u00e0 partir d\u2019une de vos photos il va vous permettre de diffuser les couleurs plus ou moins de fa\u00e7on \u00e0 obtenir un\u00a0 fond d\u2019\u00e9cran compos\u00e9 de d\u00e9grad\u00e9s. Tr\u00e8s simple d\u2019emploi, il faut juste s\u00e9lectionner une photo dans votre phototh\u00e8que (bouton en bas \u00e0 gauche), glisser le curseur du bas de l\u2019\u00e9cran pour doser l\u2019effet de diffusion et enregistrer avec le bouton en bas \u00e0 droite, il y a aussi un mode al\u00e9atoire qui choisit une photo au hasard (bouton en haut \u00e0 droite). App tr\u00e8s simple, efficace et gratuite pour iPad et iPhone <a href=\"https:\/\/apps.apple.com\/fr\/app\/blear\/id994182280?l=fr\" target=\"_blank\" rel=\"noreferrer noopener\">disponible par ici\u2026<\/a><\/p>\n","protected":false},"excerpt":{"rendered":"<p>C\u2019est ce que propose Blear, \u00e0 partir d\u2019une de vos photos il va vous permettre de diffuser les couleurs plus ou moins de fa\u00e7on \u00e0 obtenir un\u00a0 fond d\u2019\u00e9cran compos\u00e9 de d\u00e9grad\u00e9s. Tr\u00e8s simple d\u2019emploi, il faut juste s\u00e9lectionner une photo dans votre phototh\u00e8que (bouton en bas \u00e0 gauche), glisser le curseur du bas de [&hellip;]<\/p>\n","protected":false},"author":2,"featured_media":0,"comment_status":"open","ping_status":"open","sticky":false,"template":"","format":"standard","meta":{"footnotes":""},"categories":[16,4,1,6],"tags":[],"class_list":["post-2834","post","type-post","status-publish","format-standard","hentry","category-ipad","category-iphoneipod","category-uncategorized","category-utilitaires"],"_links":{"self":[{"href":"https:\/\/mackid.legtux.org\/index.php?rest_route=\/wp\/v2\/posts\/2834","targetHints":{"allow":["GET"]}}],"collection":[{"href":"https:\/\/mackid.legtux.org\/index.php?rest_route=\/wp\/v2\/posts"}],"about":[{"href":"https:\/\/mackid.legtux.org\/index.php?rest_route=\/wp\/v2\/types\/post"}],"author":[{"embeddable":true,"href":"https:\/\/mackid.legtux.org\/index.php?rest_route=\/wp\/v2\/users\/2"}],"replies":[{"embeddable":true,"href":"https:\/\/mackid.legtux.org\/index.php?rest_route=%2Fwp%2Fv2%2Fcomments&post=2834"}],"version-history":[{"count":2,"href":"https:\/\/mackid.legtux.org\/index.php?rest_route=\/wp\/v2\/posts\/2834\/revisions"}],"predecessor-version":[{"id":2837,"href":"https:\/\/mackid.legtux.org\/index.php?rest_route=\/wp\/v2\/posts\/2834\/revisions\/2837"}],"wp:attachment":[{"href":"https:\/\/mackid.legtux.org\/index.php?rest_route=%2Fwp%2Fv2%2Fmedia&parent=2834"}],"wp:term":[{"taxonomy":"category","embeddable":true,"href":"https:\/\/mackid.legtux.org\/index.php?rest_route=%2Fwp%2Fv2%2Fcategories&post=2834"},{"taxonomy":"post_tag","embeddable":true,"href":"https:\/\/mackid.legtux.org\/index.php?rest_route=%2Fwp%2Fv2%2Ftags&post=2834"}],"curies":[{"name":"wp","href":"https:\/\/api.w.org\/{rel}","templated":true}]}}