{"id":3089,"date":"2021-07-10T11:10:09","date_gmt":"2021-07-10T10:10:09","guid":{"rendered":"https:\/\/mackid.legtux.org\/?p=3089"},"modified":"2021-07-13T09:26:25","modified_gmt":"2021-07-13T08:26:25","slug":"comment-tu-las-gonfle","status":"publish","type":"post","link":"https:\/\/mackid.legtux.org\/?p=3089","title":{"rendered":"Comment tu l\u2019as gonfl\u00e9 !"},"content":{"rendered":"\n<figure class=\"wp-block-image size-large is-resized\"><a href=\"https:\/\/mackid.legtux.org\/wp-content\/uploads\/2021\/07\/MacBookProBat_1.jpeg\"><img decoding=\"async\" src=\"https:\/\/mackid.legtux.org\/wp-content\/uploads\/2021\/07\/MacBookProBat_1-1024x682.jpeg\" alt=\"\" class=\"wp-image-3090\" width=\"650\" srcset=\"https:\/\/mackid.legtux.org\/wp-content\/uploads\/2021\/07\/MacBookProBat_1-1024x682.jpeg 1024w, https:\/\/mackid.legtux.org\/wp-content\/uploads\/2021\/07\/MacBookProBat_1-300x200.jpeg 300w, https:\/\/mackid.legtux.org\/wp-content\/uploads\/2021\/07\/MacBookProBat_1-768x512.jpeg 768w, https:\/\/mackid.legtux.org\/wp-content\/uploads\/2021\/07\/MacBookProBat_1.jpeg 1280w\" sizes=\"(max-width: 1024px) 100vw, 1024px\" \/><\/a><figcaption>\u00c9cran de red\u00e9marrage \ud83d\ude41<\/figcaption><\/figure>\n\n\n\n<p>Depuis quelques, semaines, mon MacBook Pro 13 pouces 2015 (A1502) plantait de temps en temps de fa\u00e7on al\u00e9atoire. Depuis 3 jours les plantages se font plus r\u00e9guliers, le curseur ce fige, l\u2019\u00e9cran devient noir, puis le message suivant appara\u00eet \u00ab&nbsp;Votre ordinateur a red\u00e9marr\u00e9 en raison d\u2019un probl\u00e8me. Pour poursuivre le red\u00e9marrage, appuyez sur une touche ou patientez quelques secondes&nbsp;\u00bb, ce red\u00e9marrage pouvait se reproduire 2 fois de suite \ud83d\ude41. J\u2019ai aussi eu ce red\u00e9marrage avant l\u2019ouverture de ma session juste apr\u00e8s avoir valid\u00e9 mon mot de passe \ud83d\ude41. Quelques fois j\u2019avais aussi un panneau d\u2019interdiction blanc qui apparaissait sur l\u2019\u00e9cran noir, suivi d\u2019un dossier avec un point d\u2019interrogation, j\u2019\u00e9tais alors oblig\u00e9 d\u2019\u00e9teindre en maintenant appuy\u00e9 le bouton de d\u00e9marrage \ud83d\ude41. Je me d\u00e9cide \u00e0 r\u00e9installer Mojave \u00e0 partir de l\u2019AppStore, le fichier t\u00e9l\u00e9charg\u00e9 ne veut pas se lancer, \u00ab&nbsp;Cette copie de l\u2019application Installer macOS Mojave est endommag\u00e9e et ne peut pas servir \u00e0 installer macOS&nbsp;\u00bb \ud83d\ude41. Je me d\u00e9cide \u00e0 faire une restauration \u00e0 partir de Time Machine, ma derni\u00e8re sauvegarde est indiqu\u00e9e du 23 juin 2021, pas de probl\u00e8me, je r\u00e9installe tout ce passe bien, le MacBook red\u00e9marre\u2026 Je me retrouve sous High Sierra \ud83d\ude41 ! Que s\u2019est-il pass\u00e9 ? Je rentre dans Time Machine et constate que ma derni\u00e8re sauvegarde date du 2 janvier 2020 \ud83d\ude41, comme je suis m\u00e9fiant j\u2019ai un deuxi\u00e8me disque Time Machine, malheureusement m\u00eame constatation \ud83d\ude41, je viens donc de perdre tous mes documents de janvier 2020 \u00e0 aujourd\u2019hui (juillet 2021) \ud83d\ude41, pourtant la fen\u00eatre de Time Machine pr\u00e9cise bien \u00ab&nbsp;Les copies de sauvegarde les plus anciennes sont supprim\u00e9es lorsque le disque est plein.&nbsp;\u00bb.<br><\/p>\n\n\n\n<figure class=\"wp-block-image size-large is-resized\"><a href=\"https:\/\/mackid.legtux.org\/wp-content\/uploads\/2021\/07\/MacBookProBat_2.jpg\"><img decoding=\"async\" src=\"https:\/\/mackid.legtux.org\/wp-content\/uploads\/2021\/07\/MacBookProBat_2-1024x578.jpg\" alt=\"\" class=\"wp-image-3091\" width=\"650\" srcset=\"https:\/\/mackid.legtux.org\/wp-content\/uploads\/2021\/07\/MacBookProBat_2-1024x578.jpg 1024w, https:\/\/mackid.legtux.org\/wp-content\/uploads\/2021\/07\/MacBookProBat_2-300x169.jpg 300w, https:\/\/mackid.legtux.org\/wp-content\/uploads\/2021\/07\/MacBookProBat_2-768x433.jpg 768w, https:\/\/mackid.legtux.org\/wp-content\/uploads\/2021\/07\/MacBookProBat_2-1536x866.jpg 1536w, https:\/\/mackid.legtux.org\/wp-content\/uploads\/2021\/07\/MacBookProBat_2.jpg 1560w\" sizes=\"(max-width: 1024px) 100vw, 1024px\" \/><\/a><figcaption>C\u2019est rassurant, il ne pr\u00e9cise pas qu\u2019il arr\u00eate lorsque le disque est plein \ud83d\ude09<\/figcaption><\/figure>\n\n\n\n<p>Je n\u2019avais jamais contr\u00f4l\u00e9 la date de mes derni\u00e8res sauvegardes en entrant dans Time Machine, \u00e0 chaque sauvegarde, la date de la sauvegarde la plus ancienne \u00e9tait \u00e0 jour.<\/p>\n\n\n\n<p>Maintenant que je suis sous High Sierra et que j\u2019ai perdu tous mes documents, je vais pouvoir faire une clean Install de Mojave. Le t\u00e9l\u00e9chargement se passe bien, pas de plantage \ud83d\ude00, je pr\u00e9pare une clef USB de d\u00e9marrage avec DiskMaker X, pas de plantage \ud83d\ude00. Je d\u00e9marre sur la clef USB, l\u2019installation de Mojave se passe bien \ud83d\ude00. Je red\u00e9marre avec un Mojave tout neuf, un petit tour sur l\u2019AppStore pour r\u00e9cup\u00e9rer quelques applications, r\u00e9installation de quelques applications qui ne sont pas sur l\u2019AppStore, recherche des num\u00e9ros de licence, contact avec certains \u00e9diteurs, car je ne retrouve plus certains num\u00e9ros, beaucoup de temps pass\u00e9\u2026<br><\/p>\n\n\n\n<figure class=\"wp-block-image size-large is-resized\"><a href=\"https:\/\/mackid.legtux.org\/wp-content\/uploads\/2021\/07\/MacBookProBat_3.jpg\"><img decoding=\"async\" src=\"https:\/\/mackid.legtux.org\/wp-content\/uploads\/2021\/07\/MacBookProBat_3-1024x594.jpg\" alt=\"\" class=\"wp-image-3092\" width=\"650\" srcset=\"https:\/\/mackid.legtux.org\/wp-content\/uploads\/2021\/07\/MacBookProBat_3-1024x594.jpg 1024w, https:\/\/mackid.legtux.org\/wp-content\/uploads\/2021\/07\/MacBookProBat_3-300x174.jpg 300w, https:\/\/mackid.legtux.org\/wp-content\/uploads\/2021\/07\/MacBookProBat_3-768x445.jpg 768w, https:\/\/mackid.legtux.org\/wp-content\/uploads\/2021\/07\/MacBookProBat_3-1536x891.jpg 1536w, https:\/\/mackid.legtux.org\/wp-content\/uploads\/2021\/07\/MacBookProBat_3.jpg 2000w\" sizes=\"(max-width: 1024px) 100vw, 1024px\" \/><\/a><figcaption>De plantage en plantages \ud83d\ude41<\/figcaption><\/figure>\n\n\n\n<p>Brusquement un nouveau plantage \ud83d\ude41, \u00e0 nouveau un \u00e9cran noir, red\u00e9marrage, ouverture de session, travail, nouveau plantage \ud83d\ude41, je ne comprends rien apr\u00e8s une clean install mon MacBook devrait fonctionner parfaitement\u2026 Apr\u00e8s une nuit de repos je red\u00e9marre mon MacBook, il fonctionne la m\u00e2tin\u00e9, pas de plantage, tout va bien \ud83d\ude00, je peux travailler, un peu m\u00e9fiant quand m\u00eame\u2026 et paf, \u00e9cran noir \u00ab&nbsp;Votre ordinateur a red\u00e9marr\u00e9 en raison d\u2019un probl\u00e8me. Pour poursuivre le red\u00e9marrage, appuyez sur une touche ou patientez quelques secondes&nbsp;\u00bb \ud83d\ude41. Je me d\u00e9cide, j\u2019enl\u00e8ve les 10 vis du fond du MacBook pour aller voir \u00e0 l\u2019int\u00e9rieur, peut-\u00eatre un mauvais contact quelque part, le fond est maintenu par les vis et par 2 clips situ\u00e9s en son centre, je n\u2019ai pas eu besoin de les \u00e9clipser, le fond est venu tout seul, curieux\u2026<br><\/p>\n\n\n\n<figure class=\"wp-block-image size-large is-resized\"><a href=\"https:\/\/mackid.legtux.org\/wp-content\/uploads\/2021\/07\/MacBookProBat_4.jpg\"><img decoding=\"async\" src=\"https:\/\/mackid.legtux.org\/wp-content\/uploads\/2021\/07\/MacBookProBat_4-1024x478.jpg\" alt=\"\" class=\"wp-image-3093\" width=\"650\" srcset=\"https:\/\/mackid.legtux.org\/wp-content\/uploads\/2021\/07\/MacBookProBat_4-1024x478.jpg 1024w, https:\/\/mackid.legtux.org\/wp-content\/uploads\/2021\/07\/MacBookProBat_4-300x140.jpg 300w, https:\/\/mackid.legtux.org\/wp-content\/uploads\/2021\/07\/MacBookProBat_4-768x359.jpg 768w, https:\/\/mackid.legtux.org\/wp-content\/uploads\/2021\/07\/MacBookProBat_4-1536x717.jpg 1536w, https:\/\/mackid.legtux.org\/wp-content\/uploads\/2021\/07\/MacBookProBat_4.jpg 1900w\" sizes=\"(max-width: 1024px) 100vw, 1024px\" \/><\/a><figcaption>Un des clips internes du fond<\/figcaption><\/figure>\n\n\n\n<p>Tout semble en place, il est propre, peu de poussi\u00e8re, je remarque que les batteries sont gonfl\u00e9es, en posant une baguette en bois dessus je peux constater quelles ont \u00e9paissies de plusieurs millim\u00e8tres \ud83d\ude41, c\u2019est-ce qui \u00e0 d\u00e9clipser le fond et comprim\u00e9 pas grand-chose puisqu\u2019elles sont situ\u00e9es entre la coque (trackpad) et le fond.<br><\/p>\n\n\n\n<figure class=\"wp-block-image size-large is-resized\"><a href=\"https:\/\/mackid.legtux.org\/wp-content\/uploads\/2021\/07\/MacBookProBat_5.jpg\"><img decoding=\"async\" src=\"https:\/\/mackid.legtux.org\/wp-content\/uploads\/2021\/07\/MacBookProBat_5-1024x205.jpg\" alt=\"\" class=\"wp-image-3095\" width=\"650\" srcset=\"https:\/\/mackid.legtux.org\/wp-content\/uploads\/2021\/07\/MacBookProBat_5-1024x205.jpg 1024w, https:\/\/mackid.legtux.org\/wp-content\/uploads\/2021\/07\/MacBookProBat_5-300x60.jpg 300w, https:\/\/mackid.legtux.org\/wp-content\/uploads\/2021\/07\/MacBookProBat_5-768x154.jpg 768w, https:\/\/mackid.legtux.org\/wp-content\/uploads\/2021\/07\/MacBookProBat_5-1536x308.jpg 1536w, https:\/\/mackid.legtux.org\/wp-content\/uploads\/2021\/07\/MacBookProBat_5.jpg 2000w\" sizes=\"(max-width: 1024px) 100vw, 1024px\" \/><\/a><figcaption>Les diff\u00e9rents modules gonfl\u00e9s \ud83d\ude41<\/figcaption><\/figure>\n\n\n\n<figure class=\"wp-block-image size-large is-resized\"><a href=\"https:\/\/mackid.legtux.org\/wp-content\/uploads\/2021\/07\/MacBookProBat_6.jpg\"><img decoding=\"async\" src=\"https:\/\/mackid.legtux.org\/wp-content\/uploads\/2021\/07\/MacBookProBat_6-1024x359.jpg\" alt=\"\" class=\"wp-image-3096\" width=\"650\" srcset=\"https:\/\/mackid.legtux.org\/wp-content\/uploads\/2021\/07\/MacBookProBat_6-1024x359.jpg 1024w, https:\/\/mackid.legtux.org\/wp-content\/uploads\/2021\/07\/MacBookProBat_6-300x105.jpg 300w, https:\/\/mackid.legtux.org\/wp-content\/uploads\/2021\/07\/MacBookProBat_6-768x270.jpg 768w, https:\/\/mackid.legtux.org\/wp-content\/uploads\/2021\/07\/MacBookProBat_6-1536x539.jpg 1536w, https:\/\/mackid.legtux.org\/wp-content\/uploads\/2021\/07\/MacBookProBat_6.jpg 2000w\" sizes=\"(max-width: 1024px) 100vw, 1024px\" \/><\/a><figcaption>Bien gonfl\u00e9 \ud83d\ude41<\/figcaption><\/figure>\n\n\n\n<p>Lorsque je repose le fond sur le MacBook, il reste un jour important, impossible de reclipser le fond, les batteries sont trop gonfl\u00e9es, je le fixe donc avec du scotch en laissant un jour de quelques millim\u00e8tres \ud83d\ude41.<br><\/p>\n\n\n\n<figure class=\"wp-block-image size-large is-resized\"><a href=\"https:\/\/mackid.legtux.org\/wp-content\/uploads\/2021\/07\/MacBookProBat_7.jpg\"><img decoding=\"async\" src=\"https:\/\/mackid.legtux.org\/wp-content\/uploads\/2021\/07\/MacBookProBat_7-1024x250.jpg\" alt=\"\" class=\"wp-image-3097\" width=\"650\" srcset=\"https:\/\/mackid.legtux.org\/wp-content\/uploads\/2021\/07\/MacBookProBat_7-1024x250.jpg 1024w, https:\/\/mackid.legtux.org\/wp-content\/uploads\/2021\/07\/MacBookProBat_7-300x73.jpg 300w, https:\/\/mackid.legtux.org\/wp-content\/uploads\/2021\/07\/MacBookProBat_7-768x188.jpg 768w, https:\/\/mackid.legtux.org\/wp-content\/uploads\/2021\/07\/MacBookProBat_7-1536x376.jpg 1536w, https:\/\/mackid.legtux.org\/wp-content\/uploads\/2021\/07\/MacBookProBat_7.jpg 2000w\" sizes=\"(max-width: 1024px) 100vw, 1024px\" \/><\/a><figcaption>Sans trucage \ud83d\ude09<\/figcaption><\/figure>\n\n\n\n<figure class=\"wp-block-image size-large is-resized\"><a href=\"https:\/\/mackid.legtux.org\/wp-content\/uploads\/2021\/07\/MacBookProBat_8.jpg\"><img decoding=\"async\" src=\"https:\/\/mackid.legtux.org\/wp-content\/uploads\/2021\/07\/MacBookProBat_8-1024x423.jpg\" alt=\"\" class=\"wp-image-3098\" width=\"650\" srcset=\"https:\/\/mackid.legtux.org\/wp-content\/uploads\/2021\/07\/MacBookProBat_8-1024x423.jpg 1024w, https:\/\/mackid.legtux.org\/wp-content\/uploads\/2021\/07\/MacBookProBat_8-300x124.jpg 300w, https:\/\/mackid.legtux.org\/wp-content\/uploads\/2021\/07\/MacBookProBat_8-768x317.jpg 768w, https:\/\/mackid.legtux.org\/wp-content\/uploads\/2021\/07\/MacBookProBat_8-1536x634.jpg 1536w, https:\/\/mackid.legtux.org\/wp-content\/uploads\/2021\/07\/MacBookProBat_8.jpg 2000w\" sizes=\"(max-width: 1024px) 100vw, 1024px\" \/><\/a><figcaption>La Solution, vous noterez l\u2019utilisation de scotch transparent pour ne pas d\u00e9naturer le design \ud83d\ude09<\/figcaption><\/figure>\n\n\n\n<p>Nouveau d\u00e9marrage, ouverture de session, travail toute la journ\u00e9e, aucun plantage \ud83d\ude00, je regarde sur <a href=\"https:\/\/www.youtube.com\/watch?v=kYsMi1KymXY\" target=\"_blank\" rel=\"noreferrer noopener\">YouTube des vid\u00e9os pour changer la batterie<\/a>, pas facile, les modules sont coll\u00e9s \u00e0 la coque \ud83d\ude41, mais en utilisant un liquide sp\u00e9cial il y a moyen de le faire soi-m\u00eame. Apr\u00e8s une nuit de r\u00e9flexion, je commande une batterie avec le liquide miracle <a href=\"https:\/\/www.brico-phone.com\/pieces-et-accessoires-pour-macbook-A1502-EMC-2678-5317\" target=\"_blank\" rel=\"noreferrer noopener\">pour 76\u20ac<\/a> (Apple demande plus de 200\u20ac pour remplacer la batterie \ud83d\ude41). Je devrais en principe la recevoir dans quelques jours, pour le moment tout continue de bien fonctionner, le refroidissement de mon MacBook est grandement am\u00e9lior\u00e9 par l\u2019espace qu\u2019il y a entre le fond et la coque \ud83d\ude09.<\/p>\n\n\n\n<p>Quelques conseils qui vous \u00e9viteront peut-\u00eatre ce genre de catastrophe, ne faites pas enti\u00e8rement confiance \u00e0 Time Machine, sauvegardez vos documents sur un disque externe (non Time Machine). J\u2019utiliserai \u00e0 partir de maintenant un disque Time Machine et un autre sans utiliser Time Machine, et aussi peut-\u00eatre une sauvegarde Cloud, mais je n\u2019aime pas trop y mettre mes documents personnels.<\/p>\n","protected":false},"excerpt":{"rendered":"<p>Depuis quelques, semaines, mon MacBook Pro 13 pouces 2015 (A1502) plantait de temps en temps de fa\u00e7on al\u00e9atoire. Depuis 3 jours les plantages se font plus r\u00e9guliers, le curseur ce fige, l\u2019\u00e9cran devient noir, puis le message suivant appara\u00eet \u00ab&nbsp;Votre ordinateur a red\u00e9marr\u00e9 en raison d\u2019un probl\u00e8me. Pour poursuivre le red\u00e9marrage, appuyez sur une touche [&hellip;]<\/p>\n","protected":false},"author":2,"featured_media":0,"comment_status":"open","ping_status":"open","sticky":false,"template":"","format":"standard","meta":{"footnotes":""},"categories":[1],"tags":[],"class_list":["post-3089","post","type-post","status-publish","format-standard","hentry","category-uncategorized"],"_links":{"self":[{"href":"https:\/\/mackid.legtux.org\/index.php?rest_route=\/wp\/v2\/posts\/3089","targetHints":{"allow":["GET"]}}],"collection":[{"href":"https:\/\/mackid.legtux.org\/index.php?rest_route=\/wp\/v2\/posts"}],"about":[{"href":"https:\/\/mackid.legtux.org\/index.php?rest_route=\/wp\/v2\/types\/post"}],"author":[{"embeddable":true,"href":"https:\/\/mackid.legtux.org\/index.php?rest_route=\/wp\/v2\/users\/2"}],"replies":[{"embeddable":true,"href":"https:\/\/mackid.legtux.org\/index.php?rest_route=%2Fwp%2Fv2%2Fcomments&post=3089"}],"version-history":[{"count":4,"href":"https:\/\/mackid.legtux.org\/index.php?rest_route=\/wp\/v2\/posts\/3089\/revisions"}],"predecessor-version":[{"id":3105,"href":"https:\/\/mackid.legtux.org\/index.php?rest_route=\/wp\/v2\/posts\/3089\/revisions\/3105"}],"wp:attachment":[{"href":"https:\/\/mackid.legtux.org\/index.php?rest_route=%2Fwp%2Fv2%2Fmedia&parent=3089"}],"wp:term":[{"taxonomy":"category","embeddable":true,"href":"https:\/\/mackid.legtux.org\/index.php?rest_route=%2Fwp%2Fv2%2Fcategories&post=3089"},{"taxonomy":"post_tag","embeddable":true,"href":"https:\/\/mackid.legtux.org\/index.php?rest_route=%2Fwp%2Fv2%2Ftags&post=3089"}],"curies":[{"name":"wp","href":"https:\/\/api.w.org\/{rel}","templated":true}]}}