{"id":3109,"date":"2021-07-14T22:54:49","date_gmt":"2021-07-14T21:54:49","guid":{"rendered":"https:\/\/mackid.legtux.org\/?p=3109"},"modified":"2021-07-14T22:54:49","modified_gmt":"2021-07-14T21:54:49","slug":"mon-macbook-pro-a1502-change-de-batterie","status":"publish","type":"post","link":"https:\/\/mackid.legtux.org\/?p=3109","title":{"rendered":"Mon MacBook Pro A1502 Change de Batterie\u2026"},"content":{"rendered":"\n<figure class=\"wp-block-image size-large\"><a href=\"https:\/\/mackid.legtux.org\/wp-content\/uploads\/2021\/07\/DSC_5199.jpg\"><img loading=\"lazy\" decoding=\"async\" width=\"1024\" height=\"628\" src=\"https:\/\/mackid.legtux.org\/wp-content\/uploads\/2021\/07\/DSC_5199-1024x628.jpg\" alt=\"\" class=\"wp-image-3110\" srcset=\"https:\/\/mackid.legtux.org\/wp-content\/uploads\/2021\/07\/DSC_5199-1024x628.jpg 1024w, https:\/\/mackid.legtux.org\/wp-content\/uploads\/2021\/07\/DSC_5199-300x184.jpg 300w, https:\/\/mackid.legtux.org\/wp-content\/uploads\/2021\/07\/DSC_5199-768x471.jpg 768w, https:\/\/mackid.legtux.org\/wp-content\/uploads\/2021\/07\/DSC_5199-1536x942.jpg 1536w, https:\/\/mackid.legtux.org\/wp-content\/uploads\/2021\/07\/DSC_5199.jpg 2000w\" sizes=\"auto, (max-width: 1024px) 100vw, 1024px\" \/><\/a><figcaption>Il fonctionne depuis 8 jours entrouvert comme une hu\u00eetre \ud83d\ude09<\/figcaption><\/figure>\n\n\n\n<p>J\u2019ai re\u00e7u la nouvelle batterie depuis quelques jours, mon MacBook n\u2019a pas replant\u00e9 depuis que j\u2019ai enlev\u00e9 toutes les vis du fond et maintenu celui-ci par du scotch, cette solution a r\u00e9solu mes probl\u00e8mes d\u2019\u00e9crans noirs et de red\u00e9marrages (voir <a href=\"https:\/\/mackid.legtux.org\/?p=3089\" target=\"_blank\" rel=\"noreferrer noopener\">article pr\u00e9c\u00e9dent<\/a>).<br><\/p>\n\n\n\n<figure class=\"wp-block-image size-large\"><a href=\"https:\/\/mackid.legtux.org\/wp-content\/uploads\/2021\/07\/DSC_5201.jpg\"><img loading=\"lazy\" decoding=\"async\" width=\"1024\" height=\"345\" src=\"https:\/\/mackid.legtux.org\/wp-content\/uploads\/2021\/07\/DSC_5201-1024x345.jpg\" alt=\"\" class=\"wp-image-3111\" srcset=\"https:\/\/mackid.legtux.org\/wp-content\/uploads\/2021\/07\/DSC_5201-1024x345.jpg 1024w, https:\/\/mackid.legtux.org\/wp-content\/uploads\/2021\/07\/DSC_5201-300x101.jpg 300w, https:\/\/mackid.legtux.org\/wp-content\/uploads\/2021\/07\/DSC_5201-768x259.jpg 768w, https:\/\/mackid.legtux.org\/wp-content\/uploads\/2021\/07\/DSC_5201-1536x518.jpg 1536w, https:\/\/mackid.legtux.org\/wp-content\/uploads\/2021\/07\/DSC_5201.jpg 2000w\" sizes=\"auto, (max-width: 1024px) 100vw, 1024px\" \/><\/a><figcaption>Les ventilateurs ne se mettent plus en route \ud83d\ude09<\/figcaption><\/figure>\n\n\n\n<p>Je suis d\u00e9cid\u00e9 \u00e0 me lancer dans ce changement, aid\u00e9 par une <a rel=\"noreferrer noopener\" href=\"https:\/\/www.youtube.com\/watch?v=kYsMi1KymXY\" target=\"_blank\">vid\u00e9o YouTube de Brico-Phone<\/a>, o\u00f9 j\u2019ai command\u00e9 la nouvelle batterie avec un liquide sp\u00e9cial pour d\u00e9coller la batterie. Je commence par enlever le scotch qui maintenait le fond.<br><\/p>\n\n\n\n<figure class=\"wp-block-image size-large\"><a href=\"https:\/\/mackid.legtux.org\/wp-content\/uploads\/2021\/07\/DSC_5203.jpg\"><img loading=\"lazy\" decoding=\"async\" width=\"1024\" height=\"807\" src=\"https:\/\/mackid.legtux.org\/wp-content\/uploads\/2021\/07\/DSC_5203-1024x807.jpg\" alt=\"\" class=\"wp-image-3112\" srcset=\"https:\/\/mackid.legtux.org\/wp-content\/uploads\/2021\/07\/DSC_5203-1024x807.jpg 1024w, https:\/\/mackid.legtux.org\/wp-content\/uploads\/2021\/07\/DSC_5203-300x237.jpg 300w, https:\/\/mackid.legtux.org\/wp-content\/uploads\/2021\/07\/DSC_5203-768x606.jpg 768w, https:\/\/mackid.legtux.org\/wp-content\/uploads\/2021\/07\/DSC_5203-1536x1211.jpg 1536w, https:\/\/mackid.legtux.org\/wp-content\/uploads\/2021\/07\/DSC_5203.jpg 2000w\" sizes=\"auto, (max-width: 1024px) 100vw, 1024px\" \/><\/a><figcaption>Pr\u00eat pour l\u2019op\u00e9ration\u2026<\/figcaption><\/figure>\n\n\n\n<figure class=\"wp-block-image size-large\"><a href=\"https:\/\/mackid.legtux.org\/wp-content\/uploads\/2021\/07\/DSC_5204.jpg\"><img loading=\"lazy\" decoding=\"async\" width=\"1024\" height=\"418\" src=\"https:\/\/mackid.legtux.org\/wp-content\/uploads\/2021\/07\/DSC_5204-1024x418.jpg\" alt=\"\" class=\"wp-image-3113\" srcset=\"https:\/\/mackid.legtux.org\/wp-content\/uploads\/2021\/07\/DSC_5204-1024x418.jpg 1024w, https:\/\/mackid.legtux.org\/wp-content\/uploads\/2021\/07\/DSC_5204-300x122.jpg 300w, https:\/\/mackid.legtux.org\/wp-content\/uploads\/2021\/07\/DSC_5204-768x313.jpg 768w, https:\/\/mackid.legtux.org\/wp-content\/uploads\/2021\/07\/DSC_5204-1536x627.jpg 1536w, https:\/\/mackid.legtux.org\/wp-content\/uploads\/2021\/07\/DSC_5204.jpg 2000w\" sizes=\"auto, (max-width: 1024px) 100vw, 1024px\" \/><\/a><figcaption>Le squelette plastique qui positionne les modules de la batterie ne touche pas au corps du MacBook<\/figcaption><\/figure>\n\n\n\n<figure class=\"wp-block-image size-large\"><a href=\"https:\/\/mackid.legtux.org\/wp-content\/uploads\/2021\/07\/DSC_5207.jpg\"><img loading=\"lazy\" decoding=\"async\" width=\"1024\" height=\"335\" src=\"https:\/\/mackid.legtux.org\/wp-content\/uploads\/2021\/07\/DSC_5207-1024x335.jpg\" alt=\"\" class=\"wp-image-3114\" srcset=\"https:\/\/mackid.legtux.org\/wp-content\/uploads\/2021\/07\/DSC_5207-1024x335.jpg 1024w, https:\/\/mackid.legtux.org\/wp-content\/uploads\/2021\/07\/DSC_5207-300x98.jpg 300w, https:\/\/mackid.legtux.org\/wp-content\/uploads\/2021\/07\/DSC_5207-768x252.jpg 768w, https:\/\/mackid.legtux.org\/wp-content\/uploads\/2021\/07\/DSC_5207-1536x503.jpg 1536w, https:\/\/mackid.legtux.org\/wp-content\/uploads\/2021\/07\/DSC_5207.jpg 2000w\" sizes=\"auto, (max-width: 1024px) 100vw, 1024px\" \/><\/a><figcaption>Le carton pos\u00e9 sur l\u2019ancienne batterie permet de constater le gonflement des modules<\/figcaption><\/figure>\n\n\n\n<figure class=\"wp-block-image size-large\"><a href=\"https:\/\/mackid.legtux.org\/wp-content\/uploads\/2021\/07\/DSC_5208.jpg\"><img loading=\"lazy\" decoding=\"async\" width=\"1024\" height=\"504\" src=\"https:\/\/mackid.legtux.org\/wp-content\/uploads\/2021\/07\/DSC_5208-1024x504.jpg\" alt=\"\" class=\"wp-image-3115\" srcset=\"https:\/\/mackid.legtux.org\/wp-content\/uploads\/2021\/07\/DSC_5208-1024x504.jpg 1024w, https:\/\/mackid.legtux.org\/wp-content\/uploads\/2021\/07\/DSC_5208-300x148.jpg 300w, https:\/\/mackid.legtux.org\/wp-content\/uploads\/2021\/07\/DSC_5208-768x378.jpg 768w, https:\/\/mackid.legtux.org\/wp-content\/uploads\/2021\/07\/DSC_5208-1536x756.jpg 1536w, https:\/\/mackid.legtux.org\/wp-content\/uploads\/2021\/07\/DSC_5208.jpg 2000w\" sizes=\"auto, (max-width: 1024px) 100vw, 1024px\" \/><\/a><figcaption>Module lat\u00e9ral, bien gonfl\u00e9 \ud83d\ude41\u00a0<\/figcaption><\/figure>\n\n\n\n<figure class=\"wp-block-image size-large\"><a href=\"https:\/\/mackid.legtux.org\/wp-content\/uploads\/2021\/07\/DSC_5210.jpg\"><img loading=\"lazy\" decoding=\"async\" width=\"1024\" height=\"329\" src=\"https:\/\/mackid.legtux.org\/wp-content\/uploads\/2021\/07\/DSC_5210-1024x329.jpg\" alt=\"\" class=\"wp-image-3116\" srcset=\"https:\/\/mackid.legtux.org\/wp-content\/uploads\/2021\/07\/DSC_5210-1024x329.jpg 1024w, https:\/\/mackid.legtux.org\/wp-content\/uploads\/2021\/07\/DSC_5210-300x96.jpg 300w, https:\/\/mackid.legtux.org\/wp-content\/uploads\/2021\/07\/DSC_5210-768x247.jpg 768w, https:\/\/mackid.legtux.org\/wp-content\/uploads\/2021\/07\/DSC_5210-1536x493.jpg 1536w, https:\/\/mackid.legtux.org\/wp-content\/uploads\/2021\/07\/DSC_5210-620x200.jpg 620w, https:\/\/mackid.legtux.org\/wp-content\/uploads\/2021\/07\/DSC_5210.jpg 2000w\" sizes=\"auto, (max-width: 1024px) 100vw, 1024px\" \/><\/a><figcaption>Modules centraux gonfl\u00e9s \ud83d\ude41\u00a0<\/figcaption><\/figure>\n\n\n\n<figure class=\"wp-block-image size-large\"><a href=\"https:\/\/mackid.legtux.org\/wp-content\/uploads\/2021\/07\/DSC_5215.jpg\"><img loading=\"lazy\" decoding=\"async\" width=\"1024\" height=\"673\" src=\"https:\/\/mackid.legtux.org\/wp-content\/uploads\/2021\/07\/DSC_5215-1024x673.jpg\" alt=\"\" class=\"wp-image-3117\" srcset=\"https:\/\/mackid.legtux.org\/wp-content\/uploads\/2021\/07\/DSC_5215-1024x673.jpg 1024w, https:\/\/mackid.legtux.org\/wp-content\/uploads\/2021\/07\/DSC_5215-300x197.jpg 300w, https:\/\/mackid.legtux.org\/wp-content\/uploads\/2021\/07\/DSC_5215-768x505.jpg 768w, https:\/\/mackid.legtux.org\/wp-content\/uploads\/2021\/07\/DSC_5215-1536x1010.jpg 1536w, https:\/\/mackid.legtux.org\/wp-content\/uploads\/2021\/07\/DSC_5215.jpg 2000w\" sizes=\"auto, (max-width: 1024px) 100vw, 1024px\" \/><\/a><figcaption>La batterie neuve dans son emballage, avec ses 2 tournevis \ud83d\ude00<\/figcaption><\/figure>\n\n\n\n<p>La premi\u00e8re chose \u00e0 faire est d\u2019enlever l\u2019autocollant de protection qui se trouve sur la prise de la batterie et tirant dessus d\u00e9licatement, ensuite d\u00e9brancher la batterie en soulevant la prise avec vos ongles ou un petit levier plastique.<br><\/p>\n\n\n\n<figure class=\"wp-block-image size-large\"><a href=\"https:\/\/mackid.legtux.org\/wp-content\/uploads\/2021\/07\/DSC_5219.jpg\"><img loading=\"lazy\" decoding=\"async\" width=\"1024\" height=\"266\" src=\"https:\/\/mackid.legtux.org\/wp-content\/uploads\/2021\/07\/DSC_5219-1024x266.jpg\" alt=\"\" class=\"wp-image-3118\" srcset=\"https:\/\/mackid.legtux.org\/wp-content\/uploads\/2021\/07\/DSC_5219-1024x266.jpg 1024w, https:\/\/mackid.legtux.org\/wp-content\/uploads\/2021\/07\/DSC_5219-300x78.jpg 300w, https:\/\/mackid.legtux.org\/wp-content\/uploads\/2021\/07\/DSC_5219-768x200.jpg 768w, https:\/\/mackid.legtux.org\/wp-content\/uploads\/2021\/07\/DSC_5219-1536x399.jpg 1536w, https:\/\/mackid.legtux.org\/wp-content\/uploads\/2021\/07\/DSC_5219.jpg 2000w\" sizes=\"auto, (max-width: 1024px) 100vw, 1024px\" \/><\/a><figcaption>L\u2019autocollant de protection d\u00e9coll\u00e9 et la prise d\u00e9connect\u00e9e \ud83d\ude00<\/figcaption><\/figure>\n\n\n\n<p>Il faut ensuite enlever les haut-parleurs pour \u00e9viter de les endommager lors du d\u00e9collage de la batterie, ils sont fix\u00e9s tous les deux par 3 vis diff\u00e9rentes (attention \u00e0 ne pas les m\u00e9langer), il faudra d\u00e9brancher celui de gauche (qui est \u00e0 droite sur les photos \ud83d\ude09).<br><\/p>\n\n\n\n<figure class=\"wp-block-image size-large\"><a href=\"https:\/\/mackid.legtux.org\/wp-content\/uploads\/2021\/07\/DSC_5223.jpg\"><img loading=\"lazy\" decoding=\"async\" width=\"1024\" height=\"587\" src=\"https:\/\/mackid.legtux.org\/wp-content\/uploads\/2021\/07\/DSC_5223-1024x587.jpg\" alt=\"\" class=\"wp-image-3119\" srcset=\"https:\/\/mackid.legtux.org\/wp-content\/uploads\/2021\/07\/DSC_5223-1024x587.jpg 1024w, https:\/\/mackid.legtux.org\/wp-content\/uploads\/2021\/07\/DSC_5223-300x172.jpg 300w, https:\/\/mackid.legtux.org\/wp-content\/uploads\/2021\/07\/DSC_5223-768x440.jpg 768w, https:\/\/mackid.legtux.org\/wp-content\/uploads\/2021\/07\/DSC_5223-1536x881.jpg 1536w, https:\/\/mackid.legtux.org\/wp-content\/uploads\/2021\/07\/DSC_5223.jpg 2000w\" sizes=\"auto, (max-width: 1024px) 100vw, 1024px\" \/><\/a><figcaption>Le haut-parleur gauche et ses 3 vis<\/figcaption><\/figure>\n\n\n\n<figure class=\"wp-block-image size-large\"><a href=\"https:\/\/mackid.legtux.org\/wp-content\/uploads\/2021\/07\/DSC_5225.jpg\"><img loading=\"lazy\" decoding=\"async\" width=\"1024\" height=\"600\" src=\"https:\/\/mackid.legtux.org\/wp-content\/uploads\/2021\/07\/DSC_5225-1024x600.jpg\" alt=\"\" class=\"wp-image-3120\" srcset=\"https:\/\/mackid.legtux.org\/wp-content\/uploads\/2021\/07\/DSC_5225-1024x600.jpg 1024w, https:\/\/mackid.legtux.org\/wp-content\/uploads\/2021\/07\/DSC_5225-300x176.jpg 300w, https:\/\/mackid.legtux.org\/wp-content\/uploads\/2021\/07\/DSC_5225-768x450.jpg 768w, https:\/\/mackid.legtux.org\/wp-content\/uploads\/2021\/07\/DSC_5225-1536x899.jpg 1536w, https:\/\/mackid.legtux.org\/wp-content\/uploads\/2021\/07\/DSC_5225.jpg 2000w\" sizes=\"auto, (max-width: 1024px) 100vw, 1024px\" \/><\/a><figcaption>La prise d\u00e9connect\u00e9e du haut-parleur gauche<\/figcaption><\/figure>\n\n\n\n<figure class=\"wp-block-image size-large\"><a href=\"https:\/\/mackid.legtux.org\/wp-content\/uploads\/2021\/07\/DSC_5228-1.jpg\"><img loading=\"lazy\" decoding=\"async\" width=\"1024\" height=\"353\" src=\"https:\/\/mackid.legtux.org\/wp-content\/uploads\/2021\/07\/DSC_5228-1-1024x353.jpg\" alt=\"\" class=\"wp-image-3122\" srcset=\"https:\/\/mackid.legtux.org\/wp-content\/uploads\/2021\/07\/DSC_5228-1-1024x353.jpg 1024w, https:\/\/mackid.legtux.org\/wp-content\/uploads\/2021\/07\/DSC_5228-1-300x103.jpg 300w, https:\/\/mackid.legtux.org\/wp-content\/uploads\/2021\/07\/DSC_5228-1-768x265.jpg 768w, https:\/\/mackid.legtux.org\/wp-content\/uploads\/2021\/07\/DSC_5228-1-1536x529.jpg 1536w, https:\/\/mackid.legtux.org\/wp-content\/uploads\/2021\/07\/DSC_5228-1.jpg 2000w\" sizes=\"auto, (max-width: 1024px) 100vw, 1024px\" \/><\/a><figcaption>Le haut-parleur gauche enti\u00e8rement d\u00e9mont\u00e9<\/figcaption><\/figure>\n\n\n\n<figure class=\"wp-block-image size-large\"><a href=\"https:\/\/mackid.legtux.org\/wp-content\/uploads\/2021\/07\/DSC_5229.jpg\"><img loading=\"lazy\" decoding=\"async\" width=\"1024\" height=\"627\" src=\"https:\/\/mackid.legtux.org\/wp-content\/uploads\/2021\/07\/DSC_5229-1024x627.jpg\" alt=\"\" class=\"wp-image-3123\" srcset=\"https:\/\/mackid.legtux.org\/wp-content\/uploads\/2021\/07\/DSC_5229-1024x627.jpg 1024w, https:\/\/mackid.legtux.org\/wp-content\/uploads\/2021\/07\/DSC_5229-300x184.jpg 300w, https:\/\/mackid.legtux.org\/wp-content\/uploads\/2021\/07\/DSC_5229-768x470.jpg 768w, https:\/\/mackid.legtux.org\/wp-content\/uploads\/2021\/07\/DSC_5229-1536x940.jpg 1536w, https:\/\/mackid.legtux.org\/wp-content\/uploads\/2021\/07\/DSC_5229.jpg 2000w\" sizes=\"auto, (max-width: 1024px) 100vw, 1024px\" \/><\/a><figcaption>\u00c0 cause de son gonflement le module n&rsquo;est plus plaqu\u00e9 au fond \ud83d\ude41<\/figcaption><\/figure>\n\n\n\n<p>Il n\u2019est pas n\u00e9cessaire de d\u00e9brancher celui de droite (qui est \u00e0 gauche sur les photos), car ses fils sont longs et permettent de le mettre sur le c\u00f4t\u00e9 du MacBook.<br><\/p>\n\n\n\n<figure class=\"wp-block-image size-large\"><a href=\"https:\/\/mackid.legtux.org\/wp-content\/uploads\/2021\/07\/DSC_5234.jpg\"><img loading=\"lazy\" decoding=\"async\" width=\"1024\" height=\"497\" src=\"https:\/\/mackid.legtux.org\/wp-content\/uploads\/2021\/07\/DSC_5234-1024x497.jpg\" alt=\"\" class=\"wp-image-3124\" srcset=\"https:\/\/mackid.legtux.org\/wp-content\/uploads\/2021\/07\/DSC_5234-1024x497.jpg 1024w, https:\/\/mackid.legtux.org\/wp-content\/uploads\/2021\/07\/DSC_5234-300x146.jpg 300w, https:\/\/mackid.legtux.org\/wp-content\/uploads\/2021\/07\/DSC_5234-768x373.jpg 768w, https:\/\/mackid.legtux.org\/wp-content\/uploads\/2021\/07\/DSC_5234-1536x746.jpg 1536w, https:\/\/mackid.legtux.org\/wp-content\/uploads\/2021\/07\/DSC_5234.jpg 2000w\" sizes=\"auto, (max-width: 1024px) 100vw, 1024px\" \/><\/a><figcaption>Haut-parleur droit sur le c\u00f4t\u00e9<\/figcaption><\/figure>\n\n\n\n<figure class=\"wp-block-image size-large\"><a href=\"https:\/\/mackid.legtux.org\/wp-content\/uploads\/2021\/07\/DSC_5237.jpg\"><img loading=\"lazy\" decoding=\"async\" width=\"1024\" height=\"549\" src=\"https:\/\/mackid.legtux.org\/wp-content\/uploads\/2021\/07\/DSC_5237-1024x549.jpg\" alt=\"\" class=\"wp-image-3125\" srcset=\"https:\/\/mackid.legtux.org\/wp-content\/uploads\/2021\/07\/DSC_5237-1024x549.jpg 1024w, https:\/\/mackid.legtux.org\/wp-content\/uploads\/2021\/07\/DSC_5237-300x161.jpg 300w, https:\/\/mackid.legtux.org\/wp-content\/uploads\/2021\/07\/DSC_5237-768x412.jpg 768w, https:\/\/mackid.legtux.org\/wp-content\/uploads\/2021\/07\/DSC_5237-1536x823.jpg 1536w, https:\/\/mackid.legtux.org\/wp-content\/uploads\/2021\/07\/DSC_5237.jpg 2000w\" sizes=\"auto, (max-width: 1024px) 100vw, 1024px\" \/><\/a><figcaption>Le module batterie oppos\u00e9 au pr\u00e9c\u00e9dent, lui aussi bien gonfl\u00e9 \ud83d\ude41<\/figcaption><\/figure>\n\n\n\n<p>Comme la batterie est d\u00e9branch\u00e9e, j\u2019en profite pour nettoyer les tranches des touches de mon clavier avec un petit pinceau raide (une brosse \u00e0 dents peut tr\u00e8s bien convenir) et un aspirateur pour \u00e9viter que les poussi\u00e8res se logent sous les touches.<br><\/p>\n\n\n\n<figure class=\"wp-block-image size-large\"><a href=\"https:\/\/mackid.legtux.org\/wp-content\/uploads\/2021\/07\/DSC_5239.jpg\"><img loading=\"lazy\" decoding=\"async\" width=\"1024\" height=\"333\" src=\"https:\/\/mackid.legtux.org\/wp-content\/uploads\/2021\/07\/DSC_5239-1024x333.jpg\" alt=\"\" class=\"wp-image-3126\" srcset=\"https:\/\/mackid.legtux.org\/wp-content\/uploads\/2021\/07\/DSC_5239-1024x333.jpg 1024w, https:\/\/mackid.legtux.org\/wp-content\/uploads\/2021\/07\/DSC_5239-300x98.jpg 300w, https:\/\/mackid.legtux.org\/wp-content\/uploads\/2021\/07\/DSC_5239-768x250.jpg 768w, https:\/\/mackid.legtux.org\/wp-content\/uploads\/2021\/07\/DSC_5239-1536x500.jpg 1536w, https:\/\/mackid.legtux.org\/wp-content\/uploads\/2021\/07\/DSC_5239.jpg 2000w\" sizes=\"auto, (max-width: 1024px) 100vw, 1024px\" \/><\/a><figcaption><br>Avant \ud83d\ude41, apr\u00e8s \ud83d\ude00<\/figcaption><\/figure>\n\n\n\n<p>Passons aux choses s\u00e9rieuses, il faut d\u00e9coller les modules de la batterie, j\u2019ai command\u00e9 un liquide sp\u00e9cial (iRemover) qui se charge de ramollir la colle, il faut le mettre d\u00e9licatement sous les modules de la batterie, mais apr\u00e8s r\u00e9flexion je pr\u00e9f\u00e8re utiliser une carte de cr\u00e9dit aff\u00fbt\u00e9e sur un c\u00f4t\u00e9 et la glisser dessous en poussant (solution sugg\u00e9r\u00e9e par Gilles FLO dans les commentaires de la vid\u00e9o de Brico-Phone), il faut forcer l\u00e9g\u00e8rement, mais je pense que cela est pr\u00e9f\u00e9rable plut\u00f4t que de mettre un liquide.<br><\/p>\n\n\n\n<figure class=\"wp-block-image size-large\"><a href=\"https:\/\/mackid.legtux.org\/wp-content\/uploads\/2021\/07\/DSC_5243.jpg\"><img loading=\"lazy\" decoding=\"async\" width=\"1024\" height=\"630\" src=\"https:\/\/mackid.legtux.org\/wp-content\/uploads\/2021\/07\/DSC_5243-1024x630.jpg\" alt=\"\" class=\"wp-image-3127\" srcset=\"https:\/\/mackid.legtux.org\/wp-content\/uploads\/2021\/07\/DSC_5243-1024x630.jpg 1024w, https:\/\/mackid.legtux.org\/wp-content\/uploads\/2021\/07\/DSC_5243-300x185.jpg 300w, https:\/\/mackid.legtux.org\/wp-content\/uploads\/2021\/07\/DSC_5243-768x472.jpg 768w, https:\/\/mackid.legtux.org\/wp-content\/uploads\/2021\/07\/DSC_5243-1536x945.jpg 1536w, https:\/\/mackid.legtux.org\/wp-content\/uploads\/2021\/07\/DSC_5243.jpg 2000w\" sizes=\"auto, (max-width: 1024px) 100vw, 1024px\" \/><\/a><figcaption>D\u00e9collage du petit module de gauche (\u00e0 droite sur la photo) \ud83d\ude09<\/figcaption><\/figure>\n\n\n\n<figure class=\"wp-block-image size-large\"><a href=\"https:\/\/mackid.legtux.org\/wp-content\/uploads\/2021\/07\/DSC_5248.jpg\"><img loading=\"lazy\" decoding=\"async\" width=\"1024\" height=\"682\" src=\"https:\/\/mackid.legtux.org\/wp-content\/uploads\/2021\/07\/DSC_5248-1024x682.jpg\" alt=\"\" class=\"wp-image-3128\" srcset=\"https:\/\/mackid.legtux.org\/wp-content\/uploads\/2021\/07\/DSC_5248-1024x682.jpg 1024w, https:\/\/mackid.legtux.org\/wp-content\/uploads\/2021\/07\/DSC_5248-300x200.jpg 300w, https:\/\/mackid.legtux.org\/wp-content\/uploads\/2021\/07\/DSC_5248-768x511.jpg 768w, https:\/\/mackid.legtux.org\/wp-content\/uploads\/2021\/07\/DSC_5248-1536x1023.jpg 1536w, https:\/\/mackid.legtux.org\/wp-content\/uploads\/2021\/07\/DSC_5248.jpg 2000w\" sizes=\"auto, (max-width: 1024px) 100vw, 1024px\" \/><\/a><figcaption>D\u00e9collage du gros module de gauche.<\/figcaption><\/figure>\n\n\n\n<figure class=\"wp-block-image size-large\"><a href=\"https:\/\/mackid.legtux.org\/wp-content\/uploads\/2021\/07\/DSC_5251.jpg\"><img loading=\"lazy\" decoding=\"async\" width=\"1024\" height=\"551\" src=\"https:\/\/mackid.legtux.org\/wp-content\/uploads\/2021\/07\/DSC_5251-1024x551.jpg\" alt=\"\" class=\"wp-image-3130\" srcset=\"https:\/\/mackid.legtux.org\/wp-content\/uploads\/2021\/07\/DSC_5251-1024x551.jpg 1024w, https:\/\/mackid.legtux.org\/wp-content\/uploads\/2021\/07\/DSC_5251-300x161.jpg 300w, https:\/\/mackid.legtux.org\/wp-content\/uploads\/2021\/07\/DSC_5251-768x413.jpg 768w, https:\/\/mackid.legtux.org\/wp-content\/uploads\/2021\/07\/DSC_5251-1536x826.jpg 1536w, https:\/\/mackid.legtux.org\/wp-content\/uploads\/2021\/07\/DSC_5251.jpg 2000w\" sizes=\"auto, (max-width: 1024px) 100vw, 1024px\" \/><\/a><figcaption>D\u00e9collage du petit module de droite (\u00e0 gauche sur la photo) \ud83d\ude09<\/figcaption><\/figure>\n\n\n\n<figure class=\"wp-block-image size-large\"><a href=\"https:\/\/mackid.legtux.org\/wp-content\/uploads\/2021\/07\/DSC_5252.jpg\"><img loading=\"lazy\" decoding=\"async\" width=\"1024\" height=\"622\" src=\"https:\/\/mackid.legtux.org\/wp-content\/uploads\/2021\/07\/DSC_5252-1024x622.jpg\" alt=\"\" class=\"wp-image-3131\" srcset=\"https:\/\/mackid.legtux.org\/wp-content\/uploads\/2021\/07\/DSC_5252-1024x622.jpg 1024w, https:\/\/mackid.legtux.org\/wp-content\/uploads\/2021\/07\/DSC_5252-300x182.jpg 300w, https:\/\/mackid.legtux.org\/wp-content\/uploads\/2021\/07\/DSC_5252-768x467.jpg 768w, https:\/\/mackid.legtux.org\/wp-content\/uploads\/2021\/07\/DSC_5252-1536x933.jpg 1536w, https:\/\/mackid.legtux.org\/wp-content\/uploads\/2021\/07\/DSC_5252.jpg 2000w\" sizes=\"auto, (max-width: 1024px) 100vw, 1024px\" \/><\/a><figcaption>D\u00e9collage du gros module de droite.<\/figcaption><\/figure>\n\n\n\n<p>Pour les 2 modules centraux, il ne faut pas mettre de liquide, car il s\u2019infiltrerait dans le trackpad \ud83d\ude41. Il faut aussi d\u00e9brancher la nappe qui passe au-dessus des 2 modules, pour cela il faut d\u00e9monter le cache m\u00e9tallique fix\u00e9 avec 2 vis.<br><\/p>\n\n\n\n<figure class=\"wp-block-image size-large\"><a href=\"https:\/\/mackid.legtux.org\/wp-content\/uploads\/2021\/07\/DSC_5254.jpg\"><img loading=\"lazy\" decoding=\"async\" width=\"1024\" height=\"255\" src=\"https:\/\/mackid.legtux.org\/wp-content\/uploads\/2021\/07\/DSC_5254-1024x255.jpg\" alt=\"\" class=\"wp-image-3132\" srcset=\"https:\/\/mackid.legtux.org\/wp-content\/uploads\/2021\/07\/DSC_5254-1024x255.jpg 1024w, https:\/\/mackid.legtux.org\/wp-content\/uploads\/2021\/07\/DSC_5254-300x75.jpg 300w, https:\/\/mackid.legtux.org\/wp-content\/uploads\/2021\/07\/DSC_5254-768x192.jpg 768w, https:\/\/mackid.legtux.org\/wp-content\/uploads\/2021\/07\/DSC_5254-1536x383.jpg 1536w, https:\/\/mackid.legtux.org\/wp-content\/uploads\/2021\/07\/DSC_5254.jpg 2000w\" sizes=\"auto, (max-width: 1024px) 100vw, 1024px\" \/><\/a><figcaption>Le cache enlev\u00e9 et pos\u00e9 sur la nappe (pour la photo \ud83d\ude09), le connecteur d\u00e9branch\u00e9 \ud83d\ude00<\/figcaption><\/figure>\n\n\n\n<p>Avant d\u2019attaquer le d\u00e9collage des 2 derniers modules, il faut retirer la vis qui fixe le squelette de maintien des modules, elle est situ\u00e9e pr\u00e8s de la prise de la batterie.<br><\/p>\n\n\n\n<figure class=\"wp-block-image size-large\"><a href=\"https:\/\/mackid.legtux.org\/wp-content\/uploads\/2021\/07\/DSC_5259.jpg\"><img loading=\"lazy\" decoding=\"async\" width=\"1024\" height=\"400\" src=\"https:\/\/mackid.legtux.org\/wp-content\/uploads\/2021\/07\/DSC_5259-1024x400.jpg\" alt=\"\" class=\"wp-image-3133\" srcset=\"https:\/\/mackid.legtux.org\/wp-content\/uploads\/2021\/07\/DSC_5259-1024x400.jpg 1024w, https:\/\/mackid.legtux.org\/wp-content\/uploads\/2021\/07\/DSC_5259-300x117.jpg 300w, https:\/\/mackid.legtux.org\/wp-content\/uploads\/2021\/07\/DSC_5259-768x300.jpg 768w, https:\/\/mackid.legtux.org\/wp-content\/uploads\/2021\/07\/DSC_5259-1536x600.jpg 1536w, https:\/\/mackid.legtux.org\/wp-content\/uploads\/2021\/07\/DSC_5259.jpg 2000w\" sizes=\"auto, (max-width: 1024px) 100vw, 1024px\" \/><\/a><figcaption>La vis n\u2019est pas sur la photo \ud83d\ude09<\/figcaption><\/figure>\n\n\n\n<p>Je peux maintenant d\u00e9coller les 2 modules centraux en glissant ma carte aff\u00fbt\u00e9e dessous, c\u2019est un peu plus d\u00e9licat que pour les modules lat\u00e9raux, mais en prenant son temps et en allant doucement tout se passe bien, je peux extraire tous les modules de la batterie du MacBook \ud83d\ude00<br><\/p>\n\n\n\n<figure class=\"wp-block-image size-large\"><a href=\"https:\/\/mackid.legtux.org\/wp-content\/uploads\/2021\/07\/DSC_5264.jpg\"><img loading=\"lazy\" decoding=\"async\" width=\"1024\" height=\"499\" src=\"https:\/\/mackid.legtux.org\/wp-content\/uploads\/2021\/07\/DSC_5264-1024x499.jpg\" alt=\"\" class=\"wp-image-3134\" srcset=\"https:\/\/mackid.legtux.org\/wp-content\/uploads\/2021\/07\/DSC_5264-1024x499.jpg 1024w, https:\/\/mackid.legtux.org\/wp-content\/uploads\/2021\/07\/DSC_5264-300x146.jpg 300w, https:\/\/mackid.legtux.org\/wp-content\/uploads\/2021\/07\/DSC_5264-768x374.jpg 768w, https:\/\/mackid.legtux.org\/wp-content\/uploads\/2021\/07\/DSC_5264-1536x749.jpg 1536w, https:\/\/mackid.legtux.org\/wp-content\/uploads\/2021\/07\/DSC_5264.jpg 2000w\" sizes=\"auto, (max-width: 1024px) 100vw, 1024px\" \/><\/a><figcaption>La voici en dehors du MacBook, on voit les traces noires de colles sur la coque du MacBook.<\/figcaption><\/figure>\n\n\n\n<p>Pour nettoyer les r\u00e9sidus de colle, j\u2019ai utilis\u00e9 un essuie-tout imbib\u00e9 de White Spirit, ils s\u2019en vont en frottant l\u00e9g\u00e8rement, j\u2019ai ensuite pass\u00e9 un deuxi\u00e8me essuie-tout imbib\u00e9 d\u2019Alcool M\u00e9nager, voil\u00e0 la coque parfaitement propre, pr\u00eate \u00e0 recevoir sa nouvelle batterie \ud83d\ude00.<br><\/p>\n\n\n\n<figure class=\"wp-block-image size-large\"><a href=\"https:\/\/mackid.legtux.org\/wp-content\/uploads\/2021\/07\/DSC_5269.jpg\"><img loading=\"lazy\" decoding=\"async\" width=\"1024\" height=\"364\" src=\"https:\/\/mackid.legtux.org\/wp-content\/uploads\/2021\/07\/DSC_5269-1024x364.jpg\" alt=\"\" class=\"wp-image-3135\" srcset=\"https:\/\/mackid.legtux.org\/wp-content\/uploads\/2021\/07\/DSC_5269-1024x364.jpg 1024w, https:\/\/mackid.legtux.org\/wp-content\/uploads\/2021\/07\/DSC_5269-300x107.jpg 300w, https:\/\/mackid.legtux.org\/wp-content\/uploads\/2021\/07\/DSC_5269-768x273.jpg 768w, https:\/\/mackid.legtux.org\/wp-content\/uploads\/2021\/07\/DSC_5269-1536x546.jpg 1536w, https:\/\/mackid.legtux.org\/wp-content\/uploads\/2021\/07\/DSC_5269.jpg 2000w\" sizes=\"auto, (max-width: 1024px) 100vw, 1024px\" \/><\/a><figcaption>Plus aucune trace de vieille colle \ud83d\ude00<\/figcaption><\/figure>\n\n\n\n<p>Sur le squelette de l\u2019ancienne batterie, il faut r\u00e9cup\u00e9rer les 4 petits plots en \u00e9lastom\u00e8re, il suffit de les pousser avec un petit tournevis, ils viennent facilement \ud83d\ude00.<br><\/p>\n\n\n\n<figure class=\"wp-block-image size-large\"><a href=\"https:\/\/mackid.legtux.org\/wp-content\/uploads\/2021\/07\/DSC_5268.jpg\"><img loading=\"lazy\" decoding=\"async\" width=\"1024\" height=\"216\" src=\"https:\/\/mackid.legtux.org\/wp-content\/uploads\/2021\/07\/DSC_5268-1024x216.jpg\" alt=\"\" class=\"wp-image-3136\" srcset=\"https:\/\/mackid.legtux.org\/wp-content\/uploads\/2021\/07\/DSC_5268-1024x216.jpg 1024w, https:\/\/mackid.legtux.org\/wp-content\/uploads\/2021\/07\/DSC_5268-300x63.jpg 300w, https:\/\/mackid.legtux.org\/wp-content\/uploads\/2021\/07\/DSC_5268-768x162.jpg 768w, https:\/\/mackid.legtux.org\/wp-content\/uploads\/2021\/07\/DSC_5268-1536x323.jpg 1536w, https:\/\/mackid.legtux.org\/wp-content\/uploads\/2021\/07\/DSC_5268.jpg 2000w\" sizes=\"auto, (max-width: 1024px) 100vw, 1024px\" \/><\/a><figcaption>Un plot sur le squelette, les 4 d\u00e9mont\u00e9s, attention, il y a 2 courts et 2 longs.<\/figcaption><\/figure>\n\n\n\n<p>Il faut ensuite les remettre sur la nouvelle batterie, ce n\u2019est pas facile, il faut utiliser une pince brucelle fine pour attraper la petite partie \u00e0 travers son trou de logement sur le squelette et tirer doucement.<br><\/p>\n\n\n\n<figure class=\"wp-block-image size-large\"><a href=\"https:\/\/mackid.legtux.org\/wp-content\/uploads\/2021\/07\/DSC_5281.jpg\"><img loading=\"lazy\" decoding=\"async\" width=\"1024\" height=\"440\" src=\"https:\/\/mackid.legtux.org\/wp-content\/uploads\/2021\/07\/DSC_5281-1024x440.jpg\" alt=\"\" class=\"wp-image-3138\" srcset=\"https:\/\/mackid.legtux.org\/wp-content\/uploads\/2021\/07\/DSC_5281-1024x440.jpg 1024w, https:\/\/mackid.legtux.org\/wp-content\/uploads\/2021\/07\/DSC_5281-300x129.jpg 300w, https:\/\/mackid.legtux.org\/wp-content\/uploads\/2021\/07\/DSC_5281-768x330.jpg 768w, https:\/\/mackid.legtux.org\/wp-content\/uploads\/2021\/07\/DSC_5281-1536x660.jpg 1536w, https:\/\/mackid.legtux.org\/wp-content\/uploads\/2021\/07\/DSC_5281.jpg 2000w\" sizes=\"auto, (max-width: 1024px) 100vw, 1024px\" \/><\/a><figcaption>Un plot en place, la pince brucelle<\/figcaption><\/figure>\n\n\n\n<p>Proc\u00e9der en suite \u00e0 une mise en place de la batterie sans la coller, v\u00e9rifiez que les haut-parleurs se remettent en place sans probl\u00e8me.<br><\/p>\n\n\n\n<figure class=\"wp-block-image size-large\"><a href=\"https:\/\/mackid.legtux.org\/wp-content\/uploads\/2021\/07\/DSC_5275.jpg\"><img loading=\"lazy\" decoding=\"async\" width=\"1024\" height=\"517\" src=\"https:\/\/mackid.legtux.org\/wp-content\/uploads\/2021\/07\/DSC_5275-1024x517.jpg\" alt=\"\" class=\"wp-image-3139\" srcset=\"https:\/\/mackid.legtux.org\/wp-content\/uploads\/2021\/07\/DSC_5275-1024x517.jpg 1024w, https:\/\/mackid.legtux.org\/wp-content\/uploads\/2021\/07\/DSC_5275-300x152.jpg 300w, https:\/\/mackid.legtux.org\/wp-content\/uploads\/2021\/07\/DSC_5275-768x388.jpg 768w, https:\/\/mackid.legtux.org\/wp-content\/uploads\/2021\/07\/DSC_5275-1536x776.jpg 1536w, https:\/\/mackid.legtux.org\/wp-content\/uploads\/2021\/07\/DSC_5275.jpg 2000w\" sizes=\"auto, (max-width: 1024px) 100vw, 1024px\" \/><\/a><figcaption>Mise en place de v\u00e9rification \ud83d\ude00<\/figcaption><\/figure>\n\n\n\n<p>Si tout va bien, ressortez la batterie, enlevez la protection (bleue) des parties adh\u00e9sives de la batterie et remettez-la en place au m\u00eame endroit \ud83d\ude09.<br><\/p>\n\n\n\n<figure class=\"wp-block-image size-large\"><a href=\"https:\/\/mackid.legtux.org\/wp-content\/uploads\/2021\/07\/DSC_5277.jpg\"><img loading=\"lazy\" decoding=\"async\" width=\"1024\" height=\"246\" src=\"https:\/\/mackid.legtux.org\/wp-content\/uploads\/2021\/07\/DSC_5277-1024x246.jpg\" alt=\"\" class=\"wp-image-3140\" srcset=\"https:\/\/mackid.legtux.org\/wp-content\/uploads\/2021\/07\/DSC_5277-1024x246.jpg 1024w, https:\/\/mackid.legtux.org\/wp-content\/uploads\/2021\/07\/DSC_5277-300x72.jpg 300w, https:\/\/mackid.legtux.org\/wp-content\/uploads\/2021\/07\/DSC_5277-768x184.jpg 768w, https:\/\/mackid.legtux.org\/wp-content\/uploads\/2021\/07\/DSC_5277-1536x369.jpg 1536w, https:\/\/mackid.legtux.org\/wp-content\/uploads\/2021\/07\/DSC_5277.jpg 2000w\" sizes=\"auto, (max-width: 1024px) 100vw, 1024px\" \/><\/a><figcaption>Batterie avec sa protection bleue et sans sa protection, pr\u00eate \u00e0 \u00eatre coll\u00e9e dans la coque<\/figcaption><\/figure>\n\n\n\n<figure class=\"wp-block-image size-large\"><a href=\"https:\/\/mackid.legtux.org\/wp-content\/uploads\/2021\/07\/DSC_5284.jpg\"><img loading=\"lazy\" decoding=\"async\" width=\"1024\" height=\"540\" src=\"https:\/\/mackid.legtux.org\/wp-content\/uploads\/2021\/07\/DSC_5284-1024x540.jpg\" alt=\"\" class=\"wp-image-3141\" srcset=\"https:\/\/mackid.legtux.org\/wp-content\/uploads\/2021\/07\/DSC_5284-1024x540.jpg 1024w, https:\/\/mackid.legtux.org\/wp-content\/uploads\/2021\/07\/DSC_5284-300x158.jpg 300w, https:\/\/mackid.legtux.org\/wp-content\/uploads\/2021\/07\/DSC_5284-768x405.jpg 768w, https:\/\/mackid.legtux.org\/wp-content\/uploads\/2021\/07\/DSC_5284-1536x810.jpg 1536w, https:\/\/mackid.legtux.org\/wp-content\/uploads\/2021\/07\/DSC_5284.jpg 2000w\" sizes=\"auto, (max-width: 1024px) 100vw, 1024px\" \/><\/a><figcaption>Batterie en place \ud83d\ude00<\/figcaption><\/figure>\n\n\n\n<p>Appuyez sur la batterie pour assurer son collage sur la coque du MacBook. Retirez le film de protection transparent. Rebranchez la nappe centrale et revissez le cache avec ses 2 vis. Revissez le haut-parleur droit (\u00e0 gauche sur la photo \ud83d\ude09), remettez en place le haut-parleur gauche (\u00e0 droite sur la photo \ud83d\ude09) et revissez-le. N&rsquo;oubliez pas de remettre le vis de fixation du squelette situ\u00e9e \u00e0 c\u00f4t\u00e9 de la prise de la batterie.<br><\/p>\n\n\n\n<figure class=\"wp-block-image size-large\"><a href=\"https:\/\/mackid.legtux.org\/wp-content\/uploads\/2021\/07\/DSC_5285.jpg\"><img loading=\"lazy\" decoding=\"async\" width=\"1024\" height=\"400\" src=\"https:\/\/mackid.legtux.org\/wp-content\/uploads\/2021\/07\/DSC_5285-1024x400.jpg\" alt=\"\" class=\"wp-image-3142\" srcset=\"https:\/\/mackid.legtux.org\/wp-content\/uploads\/2021\/07\/DSC_5285-1024x400.jpg 1024w, https:\/\/mackid.legtux.org\/wp-content\/uploads\/2021\/07\/DSC_5285-300x117.jpg 300w, https:\/\/mackid.legtux.org\/wp-content\/uploads\/2021\/07\/DSC_5285-768x300.jpg 768w, https:\/\/mackid.legtux.org\/wp-content\/uploads\/2021\/07\/DSC_5285-1536x600.jpg 1536w, https:\/\/mackid.legtux.org\/wp-content\/uploads\/2021\/07\/DSC_5285.jpg 2000w\" sizes=\"auto, (max-width: 1024px) 100vw, 1024px\" \/><\/a><figcaption>Haut-parleur en place, nappe centrale rebranch\u00e9e et cache-prises fix\u00e9 \ud83d\ude00<\/figcaption><\/figure>\n\n\n\n<figure class=\"wp-block-image size-large\"><a href=\"https:\/\/mackid.legtux.org\/wp-content\/uploads\/2021\/07\/DSC_5291.jpg\"><img loading=\"lazy\" decoding=\"async\" width=\"1024\" height=\"310\" src=\"https:\/\/mackid.legtux.org\/wp-content\/uploads\/2021\/07\/DSC_5291-1024x310.jpg\" alt=\"\" class=\"wp-image-3143\" srcset=\"https:\/\/mackid.legtux.org\/wp-content\/uploads\/2021\/07\/DSC_5291-1024x310.jpg 1024w, https:\/\/mackid.legtux.org\/wp-content\/uploads\/2021\/07\/DSC_5291-300x91.jpg 300w, https:\/\/mackid.legtux.org\/wp-content\/uploads\/2021\/07\/DSC_5291-768x233.jpg 768w, https:\/\/mackid.legtux.org\/wp-content\/uploads\/2021\/07\/DSC_5291-1536x465.jpg 1536w, https:\/\/mackid.legtux.org\/wp-content\/uploads\/2021\/07\/DSC_5291.jpg 2000w\" sizes=\"auto, (max-width: 1024px) 100vw, 1024px\" \/><\/a><figcaption>En posant un carton sur la batterie, on peut constater qu\u2019elle rentre parfaitement dans l\u2019\u00e9paisseur de la coque \ud83d\ude00<\/figcaption><\/figure>\n\n\n\n<p>Derni\u00e8re \u00e9tape avant de remettre le fond, remettre la vis de fixation du squelette de la batterie situ\u00e9 pr\u00e8s de la prise et brancher la batterie sur la carte m\u00e8re \ud83d\ude00.<br><\/p>\n\n\n\n<figure class=\"wp-block-image size-large\"><a href=\"https:\/\/mackid.legtux.org\/wp-content\/uploads\/2021\/07\/DSC_5287.jpg\"><img loading=\"lazy\" decoding=\"async\" width=\"1024\" height=\"206\" src=\"https:\/\/mackid.legtux.org\/wp-content\/uploads\/2021\/07\/DSC_5287-1024x206.jpg\" alt=\"\" class=\"wp-image-3144\" srcset=\"https:\/\/mackid.legtux.org\/wp-content\/uploads\/2021\/07\/DSC_5287-1024x206.jpg 1024w, https:\/\/mackid.legtux.org\/wp-content\/uploads\/2021\/07\/DSC_5287-300x60.jpg 300w, https:\/\/mackid.legtux.org\/wp-content\/uploads\/2021\/07\/DSC_5287-768x155.jpg 768w, https:\/\/mackid.legtux.org\/wp-content\/uploads\/2021\/07\/DSC_5287-1536x310.jpg 1536w, https:\/\/mackid.legtux.org\/wp-content\/uploads\/2021\/07\/DSC_5287.jpg 2000w\" sizes=\"auto, (max-width: 1024px) 100vw, 1024px\" \/><\/a><figcaption>Pas d\u2019explosion, tout va bien \ud83d\ude00<\/figcaption><\/figure>\n\n\n\n<p>Il ne reste plus qu\u2019\u00e0 mettre le fond en place, positionnez-le pr\u00e9cis\u00e9ment et clipsez-le au corps, il tient tout seul sans les vis \ud83d\ude00!<br><\/p>\n\n\n\n<figure class=\"wp-block-image size-large\"><a href=\"https:\/\/mackid.legtux.org\/wp-content\/uploads\/2021\/07\/DSC_5297.jpg\"><img loading=\"lazy\" decoding=\"async\" width=\"1024\" height=\"198\" src=\"https:\/\/mackid.legtux.org\/wp-content\/uploads\/2021\/07\/DSC_5297-1024x198.jpg\" alt=\"\" class=\"wp-image-3145\" srcset=\"https:\/\/mackid.legtux.org\/wp-content\/uploads\/2021\/07\/DSC_5297-1024x198.jpg 1024w, https:\/\/mackid.legtux.org\/wp-content\/uploads\/2021\/07\/DSC_5297-300x58.jpg 300w, https:\/\/mackid.legtux.org\/wp-content\/uploads\/2021\/07\/DSC_5297-768x149.jpg 768w, https:\/\/mackid.legtux.org\/wp-content\/uploads\/2021\/07\/DSC_5297-1536x297.jpg 1536w, https:\/\/mackid.legtux.org\/wp-content\/uploads\/2021\/07\/DSC_5297.jpg 2000w\" sizes=\"auto, (max-width: 1024px) 100vw, 1024px\" \/><\/a><figcaption>En position, clips\u00e9 sur le corps<\/figcaption><\/figure>\n\n\n\n<p>Derni\u00e8re chose \u00e0 faire remettre les 10 vis, sans se tromper \ud83d\ude41, heureusement je les avais scotch\u00e9es sur une feuille de papier dans l\u2019attente du remontage \ud83d\ude00.<br><\/p>\n\n\n\n<figure class=\"wp-block-image size-large\"><a href=\"https:\/\/mackid.legtux.org\/wp-content\/uploads\/2021\/07\/DSC_5299.jpg\"><img loading=\"lazy\" decoding=\"async\" width=\"1024\" height=\"610\" src=\"https:\/\/mackid.legtux.org\/wp-content\/uploads\/2021\/07\/DSC_5299-1024x610.jpg\" alt=\"\" class=\"wp-image-3146\" srcset=\"https:\/\/mackid.legtux.org\/wp-content\/uploads\/2021\/07\/DSC_5299-1024x610.jpg 1024w, https:\/\/mackid.legtux.org\/wp-content\/uploads\/2021\/07\/DSC_5299-300x179.jpg 300w, https:\/\/mackid.legtux.org\/wp-content\/uploads\/2021\/07\/DSC_5299-768x458.jpg 768w, https:\/\/mackid.legtux.org\/wp-content\/uploads\/2021\/07\/DSC_5299-1536x915.jpg 1536w, https:\/\/mackid.legtux.org\/wp-content\/uploads\/2021\/07\/DSC_5299.jpg 2000w\" sizes=\"auto, (max-width: 1024px) 100vw, 1024px\" \/><\/a><figcaption>Les vis scotch\u00e9es sur une feuille \ud83d\ude00<\/figcaption><\/figure>\n\n\n\n<p>Commencez \u00e0 visser toutes les vis sans les serrer, puis finir le serrage sans trop forcer, car elles sont petites et n\u2019ont pas beaucoup d\u2019implantation.<br><\/p>\n\n\n\n<figure class=\"wp-block-image size-large\"><a href=\"https:\/\/mackid.legtux.org\/wp-content\/uploads\/2021\/07\/DSC_5301.jpg\"><img loading=\"lazy\" decoding=\"async\" width=\"1024\" height=\"255\" src=\"https:\/\/mackid.legtux.org\/wp-content\/uploads\/2021\/07\/DSC_5301-1024x255.jpg\" alt=\"\" class=\"wp-image-3147\" srcset=\"https:\/\/mackid.legtux.org\/wp-content\/uploads\/2021\/07\/DSC_5301-1024x255.jpg 1024w, https:\/\/mackid.legtux.org\/wp-content\/uploads\/2021\/07\/DSC_5301-300x75.jpg 300w, https:\/\/mackid.legtux.org\/wp-content\/uploads\/2021\/07\/DSC_5301-768x191.jpg 768w, https:\/\/mackid.legtux.org\/wp-content\/uploads\/2021\/07\/DSC_5301-1536x382.jpg 1536w, https:\/\/mackid.legtux.org\/wp-content\/uploads\/2021\/07\/DSC_5301.jpg 2000w\" sizes=\"auto, (max-width: 1024px) 100vw, 1024px\" \/><\/a><figcaption>Op\u00e9ration termin\u00e9e, toutes les vis sont en place \ud83d\ude00<\/figcaption><\/figure>\n\n\n\n<p>Il ne me reste plus qu\u2019\u00e0 essayer, je mets mon MacBook \u00e0 l\u2019endroit, l\u2019ouvre, branche le c\u00e2ble d\u2019alimentation, certainement tr\u00e8s content d\u2019avoir une nouvelle batterie il d\u00e9marre sans que j\u2019aie appuy\u00e9 sur le bouton de d\u00e9marrage\u00a0! \u00c9cran noir avec la Pomme et la barre de progression \ud83d\ude00.<br><\/p>\n\n\n\n<figure class=\"wp-block-image size-large\"><a href=\"https:\/\/mackid.legtux.org\/wp-content\/uploads\/2021\/07\/DSC_5304.jpg\"><img loading=\"lazy\" decoding=\"async\" width=\"1024\" height=\"632\" src=\"https:\/\/mackid.legtux.org\/wp-content\/uploads\/2021\/07\/DSC_5304-1024x632.jpg\" alt=\"\" class=\"wp-image-3148\" srcset=\"https:\/\/mackid.legtux.org\/wp-content\/uploads\/2021\/07\/DSC_5304-1024x632.jpg 1024w, https:\/\/mackid.legtux.org\/wp-content\/uploads\/2021\/07\/DSC_5304-300x185.jpg 300w, https:\/\/mackid.legtux.org\/wp-content\/uploads\/2021\/07\/DSC_5304-768x474.jpg 768w, https:\/\/mackid.legtux.org\/wp-content\/uploads\/2021\/07\/DSC_5304-1536x948.jpg 1536w, https:\/\/mackid.legtux.org\/wp-content\/uploads\/2021\/07\/DSC_5304.jpg 2000w\" sizes=\"auto, (max-width: 1024px) 100vw, 1024px\" \/><\/a><figcaption>Moment d\u2019angoisse\u2026<\/figcaption><\/figure>\n\n\n\n<figure class=\"wp-block-image size-large\"><a href=\"https:\/\/mackid.legtux.org\/wp-content\/uploads\/2021\/07\/DSC_5305.jpg\"><img loading=\"lazy\" decoding=\"async\" width=\"1024\" height=\"790\" src=\"https:\/\/mackid.legtux.org\/wp-content\/uploads\/2021\/07\/DSC_5305-1024x790.jpg\" alt=\"\" class=\"wp-image-3149\" srcset=\"https:\/\/mackid.legtux.org\/wp-content\/uploads\/2021\/07\/DSC_5305-1024x790.jpg 1024w, https:\/\/mackid.legtux.org\/wp-content\/uploads\/2021\/07\/DSC_5305-300x231.jpg 300w, https:\/\/mackid.legtux.org\/wp-content\/uploads\/2021\/07\/DSC_5305-768x593.jpg 768w, https:\/\/mackid.legtux.org\/wp-content\/uploads\/2021\/07\/DSC_5305-1536x1185.jpg 1536w, https:\/\/mackid.legtux.org\/wp-content\/uploads\/2021\/07\/DSC_5305.jpg 2000w\" sizes=\"auto, (max-width: 1024px) 100vw, 1024px\" \/><\/a><figcaption>Ouverture de session, c\u2019est tout bon \ud83d\ude00<\/figcaption><\/figure>\n\n\n\n<p>Cette aventure aura dur\u00e9e 1h45, ma premi\u00e8re batterie a dur\u00e9 5 ans avant de gonfler (elle, mon MacBook et moi), j\u2019esp\u00e8re que cette batterie durera autant et surtout qu\u2019elle ne gonflera pas \ud83d\ude09. Cette op\u00e9ration est \u00e0 la port\u00e9e de toute personne soigneuse et m\u00e9ticuleuse, bon courage \u00e0 ceux qui tenteront ce remplacement.<br><\/p>\n\n\n\n<figure class=\"wp-block-image size-large\"><a href=\"https:\/\/mackid.legtux.org\/wp-content\/uploads\/2021\/07\/MacBookBatCocoNew_1.jpg\"><img loading=\"lazy\" decoding=\"async\" width=\"1024\" height=\"620\" src=\"https:\/\/mackid.legtux.org\/wp-content\/uploads\/2021\/07\/MacBookBatCocoNew_1-1024x620.jpg\" alt=\"\" class=\"wp-image-3150\" srcset=\"https:\/\/mackid.legtux.org\/wp-content\/uploads\/2021\/07\/MacBookBatCocoNew_1-1024x620.jpg 1024w, https:\/\/mackid.legtux.org\/wp-content\/uploads\/2021\/07\/MacBookBatCocoNew_1-300x182.jpg 300w, https:\/\/mackid.legtux.org\/wp-content\/uploads\/2021\/07\/MacBookBatCocoNew_1-768x465.jpg 768w, https:\/\/mackid.legtux.org\/wp-content\/uploads\/2021\/07\/MacBookBatCocoNew_1-1536x930.jpg 1536w, https:\/\/mackid.legtux.org\/wp-content\/uploads\/2021\/07\/MacBookBatCocoNew_1.jpg 1600w\" sizes=\"auto, (max-width: 1024px) 100vw, 1024px\" \/><\/a><figcaption>Mon ancienne batterie, encore fonctionnelle malgr\u00e9 son augmentation d\u2019\u00e9paisseur \ud83d\ude41<\/figcaption><\/figure>\n\n\n\n<figure class=\"wp-block-image size-large\"><a href=\"https:\/\/mackid.legtux.org\/wp-content\/uploads\/2021\/07\/MacBookBatCocoNew_2.jpg\"><img loading=\"lazy\" decoding=\"async\" width=\"1024\" height=\"621\" src=\"https:\/\/mackid.legtux.org\/wp-content\/uploads\/2021\/07\/MacBookBatCocoNew_2-1024x621.jpg\" alt=\"\" class=\"wp-image-3151\" srcset=\"https:\/\/mackid.legtux.org\/wp-content\/uploads\/2021\/07\/MacBookBatCocoNew_2-1024x621.jpg 1024w, https:\/\/mackid.legtux.org\/wp-content\/uploads\/2021\/07\/MacBookBatCocoNew_2-300x182.jpg 300w, https:\/\/mackid.legtux.org\/wp-content\/uploads\/2021\/07\/MacBookBatCocoNew_2-768x466.jpg 768w, https:\/\/mackid.legtux.org\/wp-content\/uploads\/2021\/07\/MacBookBatCocoNew_2-1536x932.jpg 1536w, https:\/\/mackid.legtux.org\/wp-content\/uploads\/2021\/07\/MacBookBatCocoNew_2.jpg 1600w\" sizes=\"auto, (max-width: 1024px) 100vw, 1024px\" \/><\/a><figcaption>La nouvelle \ud83d\ude00<\/figcaption><\/figure>\n\n\n\n<p>J&rsquo;ai mesur\u00e9 l&rsquo;\u00e9paisseur des modules de l&rsquo;ancienne et de la nouvelle batterie, certains ont presque doubl\u00e9 leur \u00e9paisseur \ud83d\ude41 !<\/p>\n\n\n\n<figure class=\"wp-block-image size-large\"><a href=\"https:\/\/mackid.legtux.org\/wp-content\/uploads\/2021\/07\/MacBookBatStatGonf_2.gif\"><img loading=\"lazy\" decoding=\"async\" width=\"1024\" height=\"596\" src=\"https:\/\/mackid.legtux.org\/wp-content\/uploads\/2021\/07\/MacBookBatStatGonf_2-1024x596.gif\" alt=\"\" class=\"wp-image-3152\" srcset=\"https:\/\/mackid.legtux.org\/wp-content\/uploads\/2021\/07\/MacBookBatStatGonf_2-1024x596.gif 1024w, https:\/\/mackid.legtux.org\/wp-content\/uploads\/2021\/07\/MacBookBatStatGonf_2-300x175.gif 300w, https:\/\/mackid.legtux.org\/wp-content\/uploads\/2021\/07\/MacBookBatStatGonf_2-768x447.gif 768w, https:\/\/mackid.legtux.org\/wp-content\/uploads\/2021\/07\/MacBookBatStatGonf_2-1536x894.gif 1536w\" sizes=\"auto, (max-width: 1024px) 100vw, 1024px\" \/><\/a><figcaption>M\u00a02 grand vainqueur au concours du plus gonfl\u00e9 \ud83d\ude09<\/figcaption><\/figure>\n","protected":false},"excerpt":{"rendered":"<p>J\u2019ai re\u00e7u la nouvelle batterie depuis quelques jours, mon MacBook n\u2019a pas replant\u00e9 depuis que j\u2019ai enlev\u00e9 toutes les vis du fond et maintenu celui-ci par du scotch, cette solution a r\u00e9solu mes probl\u00e8mes d\u2019\u00e9crans noirs et de red\u00e9marrages (voir article pr\u00e9c\u00e9dent). Je suis d\u00e9cid\u00e9 \u00e0 me lancer dans ce changement, aid\u00e9 par une vid\u00e9o [&hellip;]<\/p>\n","protected":false},"author":2,"featured_media":0,"comment_status":"open","ping_status":"open","sticky":false,"template":"","format":"standard","meta":{"footnotes":""},"categories":[3,1],"tags":[],"class_list":["post-3109","post","type-post","status-publish","format-standard","hentry","category-mac","category-uncategorized"],"_links":{"self":[{"href":"https:\/\/mackid.legtux.org\/index.php?rest_route=\/wp\/v2\/posts\/3109","targetHints":{"allow":["GET"]}}],"collection":[{"href":"https:\/\/mackid.legtux.org\/index.php?rest_route=\/wp\/v2\/posts"}],"about":[{"href":"https:\/\/mackid.legtux.org\/index.php?rest_route=\/wp\/v2\/types\/post"}],"author":[{"embeddable":true,"href":"https:\/\/mackid.legtux.org\/index.php?rest_route=\/wp\/v2\/users\/2"}],"replies":[{"embeddable":true,"href":"https:\/\/mackid.legtux.org\/index.php?rest_route=%2Fwp%2Fv2%2Fcomments&post=3109"}],"version-history":[{"count":4,"href":"https:\/\/mackid.legtux.org\/index.php?rest_route=\/wp\/v2\/posts\/3109\/revisions"}],"predecessor-version":[{"id":3155,"href":"https:\/\/mackid.legtux.org\/index.php?rest_route=\/wp\/v2\/posts\/3109\/revisions\/3155"}],"wp:attachment":[{"href":"https:\/\/mackid.legtux.org\/index.php?rest_route=%2Fwp%2Fv2%2Fmedia&parent=3109"}],"wp:term":[{"taxonomy":"category","embeddable":true,"href":"https:\/\/mackid.legtux.org\/index.php?rest_route=%2Fwp%2Fv2%2Fcategories&post=3109"},{"taxonomy":"post_tag","embeddable":true,"href":"https:\/\/mackid.legtux.org\/index.php?rest_route=%2Fwp%2Fv2%2Ftags&post=3109"}],"curies":[{"name":"wp","href":"https:\/\/api.w.org\/{rel}","templated":true}]}}