{"id":4279,"date":"2024-05-01T19:53:35","date_gmt":"2024-05-01T18:53:35","guid":{"rendered":"https:\/\/mackid.legtux.org\/?p=4279"},"modified":"2024-05-01T19:57:13","modified_gmt":"2024-05-01T18:57:13","slug":"gdek-le-clavier-ergonomique-du-createur-de-mackid-%f0%9f%98%80","status":"publish","type":"post","link":"https:\/\/mackid.legtux.org\/?p=4279","title":{"rendered":"GDEK le Clavier Ergonomique du Cr\u00e9ateur de MacKid \ud83d\ude00"},"content":{"rendered":"\n<figure class=\"wp-block-image size-full is-resized\"><a href=\"https:\/\/mackid.legtux.org\/wp-content\/uploads\/2024\/05\/GDEK_1.webp\"><img decoding=\"async\" src=\"https:\/\/mackid.legtux.org\/wp-content\/uploads\/2024\/05\/GDEK_1.webp\" alt=\"\" class=\"wp-image-4280\" width=\"650\" srcset=\"https:\/\/mackid.legtux.org\/wp-content\/uploads\/2024\/05\/GDEK_1.webp 800w, https:\/\/mackid.legtux.org\/wp-content\/uploads\/2024\/05\/GDEK_1-300x141.webp 300w, https:\/\/mackid.legtux.org\/wp-content\/uploads\/2024\/05\/GDEK_1-768x362.webp 768w, https:\/\/mackid.legtux.org\/wp-content\/uploads\/2024\/05\/GDEK_1-624x294.webp 624w\" sizes=\"(max-width: 800px) 100vw, 800px\" \/><\/a><figcaption>1\/2<\/figcaption><\/figure>\n\n\n\n<p>Adepte du <a href=\"https:\/\/bepo.fr\/wiki\/Accueil\" target=\"_blank\" rel=\"noreferrer noopener\">B\u00e9po<\/a> (disposition de touches adapt\u00e9e au fran\u00e7ais) Gilles a con\u00e7u un clavier ergonomique supportant n\u2019importe quelle disposition des touches. Apr\u00e8s plus d\u2019un an d\u2019utilisation, il a d\u00e9cid\u00e9 de vous en faire profiter en lan\u00e7ant un projet participatif sur <a rel=\"noreferrer noopener\" href=\"https:\/\/fr.ulule.com\/clavier-ergonomique-gildev\/\" target=\"_blank\">Ulule\u2026 Allez vite le soutenir<\/a>, il vous explique tous les avantages \ud83d\ude00, vous pouvez aussi aller le voir \u00e0 la <a rel=\"noreferrer noopener\" href=\"https:\/\/www.foiredeparis.fr\/fr-FR\/infos-pratiques\/j-achete-mon-billet?utm_source=google&amp;utm_medium=cpc&amp;utm_campaign=FDP-2024-conversion-pmax-generique-Invitation-fr&amp;utm_content=cojecom&amp;utm_term=visiteur&amp;gad_source=1&amp;gclid=Cj0KCQjw0MexBhD3ARIsAEI3WHK7S4wXUonb_1pMMhIC--K2pY5ddRhuAf6cNKROfT9vFvPQ4jAbfFQaAmNIEALw_wcB\" target=\"_blank\">Foire de Paris ( du 1 au 12 mai)<\/a> sur le stand du concours L\u00e9pine \ud83d\ude00.\u00a0<\/p>\n","protected":false},"excerpt":{"rendered":"<p>Adepte du B\u00e9po (disposition de touches adapt\u00e9e au fran\u00e7ais) Gilles a con\u00e7u un clavier ergonomique supportant n\u2019importe quelle disposition des touches. Apr\u00e8s plus d\u2019un an d\u2019utilisation, il a d\u00e9cid\u00e9 de vous en faire profiter en lan\u00e7ant un projet participatif sur Ulule\u2026 Allez vite le soutenir, il vous explique tous les avantages \ud83d\ude00, vous pouvez aussi [&hellip;]<\/p>\n","protected":false},"author":2,"featured_media":0,"comment_status":"open","ping_status":"open","sticky":false,"template":"","format":"standard","meta":{"footnotes":""},"categories":[7,3,6],"tags":[],"class_list":["post-4279","post","type-post","status-publish","format-standard","hentry","category-divers","category-mac","category-utilitaires"],"_links":{"self":[{"href":"https:\/\/mackid.legtux.org\/index.php?rest_route=\/wp\/v2\/posts\/4279","targetHints":{"allow":["GET"]}}],"collection":[{"href":"https:\/\/mackid.legtux.org\/index.php?rest_route=\/wp\/v2\/posts"}],"about":[{"href":"https:\/\/mackid.legtux.org\/index.php?rest_route=\/wp\/v2\/types\/post"}],"author":[{"embeddable":true,"href":"https:\/\/mackid.legtux.org\/index.php?rest_route=\/wp\/v2\/users\/2"}],"replies":[{"embeddable":true,"href":"https:\/\/mackid.legtux.org\/index.php?rest_route=%2Fwp%2Fv2%2Fcomments&post=4279"}],"version-history":[{"count":2,"href":"https:\/\/mackid.legtux.org\/index.php?rest_route=\/wp\/v2\/posts\/4279\/revisions"}],"predecessor-version":[{"id":4282,"href":"https:\/\/mackid.legtux.org\/index.php?rest_route=\/wp\/v2\/posts\/4279\/revisions\/4282"}],"wp:attachment":[{"href":"https:\/\/mackid.legtux.org\/index.php?rest_route=%2Fwp%2Fv2%2Fmedia&parent=4279"}],"wp:term":[{"taxonomy":"category","embeddable":true,"href":"https:\/\/mackid.legtux.org\/index.php?rest_route=%2Fwp%2Fv2%2Fcategories&post=4279"},{"taxonomy":"post_tag","embeddable":true,"href":"https:\/\/mackid.legtux.org\/index.php?rest_route=%2Fwp%2Fv2%2Ftags&post=4279"}],"curies":[{"name":"wp","href":"https:\/\/api.w.org\/{rel}","templated":true}]}}