{"id":4491,"date":"2024-11-24T19:46:12","date_gmt":"2024-11-24T18:46:12","guid":{"rendered":"https:\/\/mackid.legtux.org\/?p=4491"},"modified":"2024-11-24T16:19:42","modified_gmt":"2024-11-24T15:19:42","slug":"lergonomie-dapple","status":"publish","type":"post","link":"https:\/\/mackid.legtux.org\/?p=4491","title":{"rendered":"L&rsquo;Ergonomie d&rsquo;Apple\u2026"},"content":{"rendered":"\n<p>Mon MacBook Pro 13 pouces de 2015 est en fin de vie, il a eu l\u2019\u00e9cran chang\u00e9 deux fois sous garantie, \u00e0 cause du rev\u00eatement qui se d\u00e9t\u00e9riorait, le dernier commence \u00e0 nouveau \u00e0 se d\u00e9t\u00e9riorer \ud83d\ude41. J\u2019ai remplac\u00e9 son SSD par un mod\u00e8le 1 To avec une carte d\u2019adaptation, quelques plantages, mais dans l\u2019ensemble, il fonctionnait correctement. J\u2019ai remplac\u00e9 la batterie deux fois, tout s\u2019est bien pass\u00e9 la premi\u00e8re fois, par contre apr\u00e8s la deuxi\u00e8me fois j\u2019ai perdu le trackpad et le clavier, je l\u2019ai d\u00e9mont\u00e9 trois fois pour v\u00e9rifier, mais rien n\u2019a chang\u00e9 \ud83d\ude41.<\/p>\n\n\n<div class=\"wp-block-image\">\n<figure class=\"aligncenter size-large\"><a href=\"https:\/\/mackid.legtux.org\/wp-content\/uploads\/2024\/11\/241119-MacBookPro2015TB-1.jpg\"><img loading=\"lazy\" decoding=\"async\" width=\"1024\" height=\"201\" src=\"https:\/\/mackid.legtux.org\/wp-content\/uploads\/2024\/11\/241119-MacBookPro2015TB-1-1024x201.jpg\" alt=\"\" class=\"wp-image-4493\" srcset=\"https:\/\/mackid.legtux.org\/wp-content\/uploads\/2024\/11\/241119-MacBookPro2015TB-1-1024x201.jpg 1024w, https:\/\/mackid.legtux.org\/wp-content\/uploads\/2024\/11\/241119-MacBookPro2015TB-1-300x59.jpg 300w, https:\/\/mackid.legtux.org\/wp-content\/uploads\/2024\/11\/241119-MacBookPro2015TB-1-768x151.jpg 768w, https:\/\/mackid.legtux.org\/wp-content\/uploads\/2024\/11\/241119-MacBookPro2015TB-1-1536x301.jpg 1536w, https:\/\/mackid.legtux.org\/wp-content\/uploads\/2024\/11\/241119-MacBookPro2015TB-1-624x122.jpg 624w, https:\/\/mackid.legtux.org\/wp-content\/uploads\/2024\/11\/241119-MacBookPro2015TB-1.jpg 2000w\" sizes=\"auto, (max-width: 1024px) 100vw, 1024px\" \/><\/a><figcaption class=\"wp-element-caption\">MacBook Pro 13 pouces 2015 avec ses touches m\u00e9caniques<\/figcaption><\/figure><\/div>\n\n\n<p>Pour le trackpad ce n\u2019est pas grave, car je ne m\u2019en sers presque pas, pour le clavier, je l\u2019ai remplac\u00e9 par un clavier Apple sans fil et sans pav\u00e9 num\u00e9rique \ud83d\ude00. Et maintenant, j&rsquo;ai de HP de gauche qui fait un bruit horrible, c\u2019est tr\u00e8s p\u00e9nible, j\u2019utilise des \u00e9couteurs sans fil qui r\u00e8glent le probl\u00e8me \ud83d\ude00. Mon fils m\u2019a pass\u00e9 son ancien MacBook Pro 13 pouces de 2020, avec la c\u00e9l\u00e8bre Touch Bar, il fonctionne beaucoup mieux que le mien \ud83d\ude09, il n\u2019a pas. de mal.<\/p>\n\n\n<div class=\"wp-block-image\">\n<figure class=\"aligncenter size-large\"><a href=\"https:\/\/mackid.legtux.org\/wp-content\/uploads\/2024\/11\/241119-MacBookPro2020TB.jpg\"><img loading=\"lazy\" decoding=\"async\" width=\"1024\" height=\"189\" src=\"https:\/\/mackid.legtux.org\/wp-content\/uploads\/2024\/11\/241119-MacBookPro2020TB-1024x189.jpg\" alt=\"\" class=\"wp-image-4494\" srcset=\"https:\/\/mackid.legtux.org\/wp-content\/uploads\/2024\/11\/241119-MacBookPro2020TB-1024x189.jpg 1024w, https:\/\/mackid.legtux.org\/wp-content\/uploads\/2024\/11\/241119-MacBookPro2020TB-300x55.jpg 300w, https:\/\/mackid.legtux.org\/wp-content\/uploads\/2024\/11\/241119-MacBookPro2020TB-768x142.jpg 768w, https:\/\/mackid.legtux.org\/wp-content\/uploads\/2024\/11\/241119-MacBookPro2020TB-1536x283.jpg 1536w, https:\/\/mackid.legtux.org\/wp-content\/uploads\/2024\/11\/241119-MacBookPro2020TB-624x115.jpg 624w, https:\/\/mackid.legtux.org\/wp-content\/uploads\/2024\/11\/241119-MacBookPro2020TB.jpg 2000w\" sizes=\"auto, (max-width: 1024px) 100vw, 1024px\" \/><\/a><figcaption class=\"wp-element-caption\">Mac Book Pro 13 pouces 2020 avec la Touch Bar<\/figcaption><\/figure><\/div>\n\n\n<p>Je commence \u00e0 utiliser le logiciel de mod\u00e9lisation Fusion (j\u2019utilisais SolidWorks avec \/\/, je l\u2019ai abandonn\u00e9 suite \u00e0 des probl\u00e8mes de licence), je trouve l\u2019interface de Fusion est plus agr\u00e9able que celle de SolidWorks, il existe une version macOS et en plus il y a une <a href=\"https:\/\/www.autodesk.com\/ca-fr\/products\/fusion-360\/personal\" target=\"_blank\" rel=\"noreferrer noopener\">version gratuite pour les particuliers<\/a>. Dans Fusion certaines actions utilisent les touches de fonction. Ergomiquement, je ne comprends pour quoi les touches de fonctions ne sont pas en face des touches chiffres, car lors de l\u2019utilisation j\u2019ai tendance \u00e0 appuyer au-dessus de la touche du chiffre concern\u00e9 et cela pose un probl\u00e8me \u00e0 partir de F6 qui est \u00e0 cheval entre les touches \u00ab\u00a06\u00a0\u00bb et \u00ab\u00a07\u00a0\u00bb. Avec la Touch Bar Apple aurait pu aligner facilement les touches qui apparaissent avec les touches du des chiffres du clavier, mais ils ont repris la disposition des touches m\u00e9caniques, elles occupent comme cela toute la largeur de la Touch Bar, c\u2019est certainement \u00e7a le plus important \ud83d\ude09.<\/p>\n\n\n<div class=\"wp-block-image\">\n<figure class=\"aligncenter size-large\"><a href=\"https:\/\/mackid.legtux.org\/wp-content\/uploads\/2024\/11\/241119-MacBookPro2020TBMod.jpg\"><img loading=\"lazy\" decoding=\"async\" width=\"1024\" height=\"189\" src=\"https:\/\/mackid.legtux.org\/wp-content\/uploads\/2024\/11\/241119-MacBookPro2020TBMod-1024x189.jpg\" alt=\"\" class=\"wp-image-4495\" srcset=\"https:\/\/mackid.legtux.org\/wp-content\/uploads\/2024\/11\/241119-MacBookPro2020TBMod-1024x189.jpg 1024w, https:\/\/mackid.legtux.org\/wp-content\/uploads\/2024\/11\/241119-MacBookPro2020TBMod-300x55.jpg 300w, https:\/\/mackid.legtux.org\/wp-content\/uploads\/2024\/11\/241119-MacBookPro2020TBMod-768x142.jpg 768w, https:\/\/mackid.legtux.org\/wp-content\/uploads\/2024\/11\/241119-MacBookPro2020TBMod-1536x283.jpg 1536w, https:\/\/mackid.legtux.org\/wp-content\/uploads\/2024\/11\/241119-MacBookPro2020TBMod-624x115.jpg 624w, https:\/\/mackid.legtux.org\/wp-content\/uploads\/2024\/11\/241119-MacBookPro2020TBMod.jpg 2000w\" sizes=\"auto, (max-width: 1024px) 100vw, 1024px\" \/><\/a><figcaption class=\"wp-element-caption\">Disposition plus logique des touches de fonction sur la Touch Bar \ud83d\ude00 <\/figcaption><\/figure><\/div>","protected":false},"excerpt":{"rendered":"<p>Mon MacBook Pro 13 pouces de 2015 est en fin de vie, il a eu l\u2019\u00e9cran chang\u00e9 deux fois sous garantie, \u00e0 cause du rev\u00eatement qui se d\u00e9t\u00e9riorait, le dernier commence \u00e0 nouveau \u00e0 se d\u00e9t\u00e9riorer \ud83d\ude41. J\u2019ai remplac\u00e9 son SSD par un mod\u00e8le 1 To avec une carte d\u2019adaptation, quelques plantages, mais dans l\u2019ensemble, [&hellip;]<\/p>\n","protected":false},"author":2,"featured_media":0,"comment_status":"open","ping_status":"open","sticky":false,"template":"","format":"standard","meta":{"footnotes":""},"categories":[3],"tags":[],"class_list":["post-4491","post","type-post","status-publish","format-standard","hentry","category-mac"],"_links":{"self":[{"href":"https:\/\/mackid.legtux.org\/index.php?rest_route=\/wp\/v2\/posts\/4491","targetHints":{"allow":["GET"]}}],"collection":[{"href":"https:\/\/mackid.legtux.org\/index.php?rest_route=\/wp\/v2\/posts"}],"about":[{"href":"https:\/\/mackid.legtux.org\/index.php?rest_route=\/wp\/v2\/types\/post"}],"author":[{"embeddable":true,"href":"https:\/\/mackid.legtux.org\/index.php?rest_route=\/wp\/v2\/users\/2"}],"replies":[{"embeddable":true,"href":"https:\/\/mackid.legtux.org\/index.php?rest_route=%2Fwp%2Fv2%2Fcomments&post=4491"}],"version-history":[{"count":3,"href":"https:\/\/mackid.legtux.org\/index.php?rest_route=\/wp\/v2\/posts\/4491\/revisions"}],"predecessor-version":[{"id":4518,"href":"https:\/\/mackid.legtux.org\/index.php?rest_route=\/wp\/v2\/posts\/4491\/revisions\/4518"}],"wp:attachment":[{"href":"https:\/\/mackid.legtux.org\/index.php?rest_route=%2Fwp%2Fv2%2Fmedia&parent=4491"}],"wp:term":[{"taxonomy":"category","embeddable":true,"href":"https:\/\/mackid.legtux.org\/index.php?rest_route=%2Fwp%2Fv2%2Fcategories&post=4491"},{"taxonomy":"post_tag","embeddable":true,"href":"https:\/\/mackid.legtux.org\/index.php?rest_route=%2Fwp%2Fv2%2Ftags&post=4491"}],"curies":[{"name":"wp","href":"https:\/\/api.w.org\/{rel}","templated":true}]}}