{"id":851,"date":"2013-04-17T16:51:52","date_gmt":"2013-04-17T15:51:52","guid":{"rendered":"http:\/\/mackid.legtux.org\/?p=851"},"modified":"2013-04-17T16:51:52","modified_gmt":"2013-04-17T15:51:52","slug":"que-faites-vous-devant-votre-mac","status":"publish","type":"post","link":"https:\/\/mackid.legtux.org\/?p=851","title":{"rendered":"Que faites-vous devant votre Mac ?"},"content":{"rendered":"<p>Voici un programme qui va enregistrer le temps que vous passez sur chaque logiciel que vous utilisez sur votre Mac, tr\u00e8s pratique pour savoir ce que vous faites toute la journ\u00e9e devant votre \u00e9cran\u2026<\/p>\n<div id=\"attachment_852\" style=\"width: 545px\" class=\"wp-caption aligncenter\"><a href=\"http:\/\/mackid.legtux.fr\/wp-content\/uploads\/2013\/04\/CHG_01.jpg\"><img loading=\"lazy\" decoding=\"async\" aria-describedby=\"caption-attachment-852\" class=\" wp-image-852   \" alt=\"Mon activit\u00e9 de la journ\u00e9e\u2026\" src=\"http:\/\/mackid.legtux.fr\/wp-content\/uploads\/2013\/04\/CHG_01.jpg\" width=\"535\" height=\"215\" srcset=\"https:\/\/mackid.legtux.org\/wp-content\/uploads\/2013\/04\/CHG_01.jpg 1100w, https:\/\/mackid.legtux.org\/wp-content\/uploads\/2013\/04\/CHG_01-300x120.jpg 300w, https:\/\/mackid.legtux.org\/wp-content\/uploads\/2013\/04\/CHG_01-1024x410.jpg 1024w\" sizes=\"auto, (max-width: 535px) 100vw, 535px\" \/><\/a><p id=\"caption-attachment-852\" class=\"wp-caption-text\">Mon activit\u00e9 de la journ\u00e9e\u2026<\/p><\/div>\n<p>Lorsque l&rsquo;ordinateur est en suspension d&rsquo;activit\u00e9, le temps n&rsquo;est pas comptabilis\u00e9, le bleu signale l&rsquo;application active, vous pourrez choisir la p\u00e9riode de temps (jour, semaine, mois).<\/p>\n<div id=\"attachment_853\" style=\"width: 545px\" class=\"wp-caption aligncenter\"><a href=\"http:\/\/mackid.legtux.fr\/wp-content\/uploads\/2013\/04\/CHG_02.jpg\"><img loading=\"lazy\" decoding=\"async\" aria-describedby=\"caption-attachment-853\" class=\" wp-image-853   \" alt=\"Mon activit\u00e9 du mois de mars\u2026\" src=\"http:\/\/mackid.legtux.fr\/wp-content\/uploads\/2013\/04\/CHG_02.jpg\" width=\"535\" height=\"273\" srcset=\"https:\/\/mackid.legtux.org\/wp-content\/uploads\/2013\/04\/CHG_02.jpg 1100w, https:\/\/mackid.legtux.org\/wp-content\/uploads\/2013\/04\/CHG_02-300x153.jpg 300w, https:\/\/mackid.legtux.org\/wp-content\/uploads\/2013\/04\/CHG_02-1024x522.jpg 1024w\" sizes=\"auto, (max-width: 535px) 100vw, 535px\" \/><\/a><p id=\"caption-attachment-853\" class=\"wp-caption-text\">Mon activit\u00e9 du mois de mars\u2026<\/p><\/div>\n<p>Les professionnels pourront associer des p\u00e9riodes de temps \u00e0 des projets, pour avoir une id\u00e9e plus pr\u00e9cise de la facturation de leur prestation.<\/p>\n<div id=\"attachment_854\" style=\"width: 545px\" class=\"wp-caption aligncenter\"><a href=\"http:\/\/mackid.legtux.fr\/wp-content\/uploads\/2013\/04\/CHG_03.jpg\"><img loading=\"lazy\" decoding=\"async\" aria-describedby=\"caption-attachment-854\" class=\" wp-image-854   \" alt=\"Association de 7 minutes de Chrome dans le projet &quot;Essai&quot;\" src=\"http:\/\/mackid.legtux.fr\/wp-content\/uploads\/2013\/04\/CHG_03.jpg\" width=\"535\" height=\"268\" srcset=\"https:\/\/mackid.legtux.org\/wp-content\/uploads\/2013\/04\/CHG_03.jpg 1100w, https:\/\/mackid.legtux.org\/wp-content\/uploads\/2013\/04\/CHG_03-300x150.jpg 300w, https:\/\/mackid.legtux.org\/wp-content\/uploads\/2013\/04\/CHG_03-1024x512.jpg 1024w\" sizes=\"auto, (max-width: 535px) 100vw, 535px\" \/><\/a><p id=\"caption-attachment-854\" class=\"wp-caption-text\">Association de 7 minutes de Chrome dans le projet \u00ab\u00a0Essai\u00a0\u00bb<\/p><\/div>\n<p>Il y a aussi une possibilit\u00e9 d&rsquo;exportation en fichier CVS qui ne semble pas encore pleinement fonctionnelle sur la version b\u00eata disponible actuellement.<\/p>\n<p>\u00ab\u00a0Crystal Hourglass\u00a0\u00bb n&rsquo;est pas encore sur l&rsquo;AppStore mais <a href=\"http:\/\/crystalhourglassapp.com\/\" target=\"_blank\">vous le trouverez par ici<\/a>, alors si vous voulez savoir ce que vous faites, n\u2019h\u00e9sitez pas \u00e0 l&rsquo;essayer.<\/p>\n","protected":false},"excerpt":{"rendered":"<p>Voici un programme qui va enregistrer le temps que vous passez sur chaque logiciel que vous utilisez sur votre Mac, tr\u00e8s pratique pour savoir ce que vous faites toute la journ\u00e9e devant votre \u00e9cran\u2026 Lorsque l&rsquo;ordinateur est en suspension d&rsquo;activit\u00e9, le temps n&rsquo;est pas comptabilis\u00e9, le bleu signale l&rsquo;application active, vous pourrez choisir la p\u00e9riode [&hellip;]<\/p>\n","protected":false},"author":2,"featured_media":0,"comment_status":"open","ping_status":"open","sticky":false,"template":"","format":"standard","meta":{"footnotes":""},"categories":[3,6],"tags":[],"class_list":["post-851","post","type-post","status-publish","format-standard","hentry","category-mac","category-utilitaires"],"_links":{"self":[{"href":"https:\/\/mackid.legtux.org\/index.php?rest_route=\/wp\/v2\/posts\/851","targetHints":{"allow":["GET"]}}],"collection":[{"href":"https:\/\/mackid.legtux.org\/index.php?rest_route=\/wp\/v2\/posts"}],"about":[{"href":"https:\/\/mackid.legtux.org\/index.php?rest_route=\/wp\/v2\/types\/post"}],"author":[{"embeddable":true,"href":"https:\/\/mackid.legtux.org\/index.php?rest_route=\/wp\/v2\/users\/2"}],"replies":[{"embeddable":true,"href":"https:\/\/mackid.legtux.org\/index.php?rest_route=%2Fwp%2Fv2%2Fcomments&post=851"}],"version-history":[{"count":3,"href":"https:\/\/mackid.legtux.org\/index.php?rest_route=\/wp\/v2\/posts\/851\/revisions"}],"predecessor-version":[{"id":857,"href":"https:\/\/mackid.legtux.org\/index.php?rest_route=\/wp\/v2\/posts\/851\/revisions\/857"}],"wp:attachment":[{"href":"https:\/\/mackid.legtux.org\/index.php?rest_route=%2Fwp%2Fv2%2Fmedia&parent=851"}],"wp:term":[{"taxonomy":"category","embeddable":true,"href":"https:\/\/mackid.legtux.org\/index.php?rest_route=%2Fwp%2Fv2%2Fcategories&post=851"},{"taxonomy":"post_tag","embeddable":true,"href":"https:\/\/mackid.legtux.org\/index.php?rest_route=%2Fwp%2Fv2%2Ftags&post=851"}],"curies":[{"name":"wp","href":"https:\/\/api.w.org\/{rel}","templated":true}]}}