{"id":915,"date":"2014-05-08T17:28:57","date_gmt":"2014-05-08T16:28:57","guid":{"rendered":"http:\/\/mackid.legtux.fr\/?p=915"},"modified":"2014-05-08T17:28:57","modified_gmt":"2014-05-08T16:28:57","slug":"time-machine-et-mavericks","status":"publish","type":"post","link":"https:\/\/mackid.legtux.org\/?p=915","title":{"rendered":"Time Machine et Mavericks\u2026"},"content":{"rendered":"<div id=\"attachment_916\" style=\"width: 560px\" class=\"wp-caption aligncenter\"><img loading=\"lazy\" decoding=\"async\" aria-describedby=\"caption-attachment-916\" class=\"size-full wp-image-916\" src=\"http:\/\/mackid.legtux.fr\/wp-content\/uploads\/2014\/05\/TimeMavericks_01.gif\" alt=\"\u00c0 droite, l\u2019ic\u00f4ne immobile lorsque la sauvegarde est en cours\" width=\"550\" height=\"127\" \/><p id=\"caption-attachment-916\" class=\"wp-caption-text\">\u00c0 droite, l\u2019ic\u00f4ne immobile lorsque la sauvegarde est en cours<\/p><\/div>\n<p class=\"p1\">Depuis que vous avez install\u00e9 Mavericks vous avez d\u00fb constater que la petite horloge de Time Machine dans la barre des menus ne s\u2019animait plus lors de vos sauvegardes\u2026 Les d\u00e9veloppeurs ont eu la bonne id\u00e9e de supprimer cette animation pour la remplacer par une ic\u00f4ne \u00e0 peine diff\u00e9rente fixe, quelle id\u00e9e, j\u2019ai rencontr\u00e9 plusieurs personnes qui pensaient que Time Machine ne fonctionnait plus ! Pourquoi avoir retir\u00e9 cette animation qui attirait l\u2019\u0153il et indiquait clairement qu\u2019il se passait quelque chose ?<\/p>\n","protected":false},"excerpt":{"rendered":"<p>Depuis que vous avez install\u00e9 Mavericks vous avez d\u00fb constater que la petite horloge de Time Machine dans la barre des menus ne s\u2019animait plus lors de vos sauvegardes\u2026 Les d\u00e9veloppeurs ont eu la bonne id\u00e9e de supprimer cette animation pour la remplacer par une ic\u00f4ne \u00e0 peine diff\u00e9rente fixe, quelle id\u00e9e, j\u2019ai rencontr\u00e9 plusieurs [&hellip;]<\/p>\n","protected":false},"author":2,"featured_media":0,"comment_status":"open","ping_status":"open","sticky":false,"template":"","format":"standard","meta":{"footnotes":""},"categories":[3,6],"tags":[],"class_list":["post-915","post","type-post","status-publish","format-standard","hentry","category-mac","category-utilitaires"],"_links":{"self":[{"href":"https:\/\/mackid.legtux.org\/index.php?rest_route=\/wp\/v2\/posts\/915","targetHints":{"allow":["GET"]}}],"collection":[{"href":"https:\/\/mackid.legtux.org\/index.php?rest_route=\/wp\/v2\/posts"}],"about":[{"href":"https:\/\/mackid.legtux.org\/index.php?rest_route=\/wp\/v2\/types\/post"}],"author":[{"embeddable":true,"href":"https:\/\/mackid.legtux.org\/index.php?rest_route=\/wp\/v2\/users\/2"}],"replies":[{"embeddable":true,"href":"https:\/\/mackid.legtux.org\/index.php?rest_route=%2Fwp%2Fv2%2Fcomments&post=915"}],"version-history":[{"count":1,"href":"https:\/\/mackid.legtux.org\/index.php?rest_route=\/wp\/v2\/posts\/915\/revisions"}],"predecessor-version":[{"id":917,"href":"https:\/\/mackid.legtux.org\/index.php?rest_route=\/wp\/v2\/posts\/915\/revisions\/917"}],"wp:attachment":[{"href":"https:\/\/mackid.legtux.org\/index.php?rest_route=%2Fwp%2Fv2%2Fmedia&parent=915"}],"wp:term":[{"taxonomy":"category","embeddable":true,"href":"https:\/\/mackid.legtux.org\/index.php?rest_route=%2Fwp%2Fv2%2Fcategories&post=915"},{"taxonomy":"post_tag","embeddable":true,"href":"https:\/\/mackid.legtux.org\/index.php?rest_route=%2Fwp%2Fv2%2Ftags&post=915"}],"curies":[{"name":"wp","href":"https:\/\/api.w.org\/{rel}","templated":true}]}}